{"id":11731,"date":"2021-04-15T09:29:44","date_gmt":"2021-04-15T09:29:44","guid":{"rendered":"https:\/\/fvo.cat\/?p=11731"},"modified":"2021-04-15T09:29:44","modified_gmt":"2021-04-15T09:29:44","slug":"la-fundacion-privada-valles-oriental-y-la-fundacion-apadis-inician-el-proceso-de-union-de-las-dos-entidades","status":"publish","type":"post","link":"https:\/\/fvo.cat\/es\/la-fundacion-privada-valles-oriental-y-la-fundacion-apadis-inician-el-proceso-de-union-de-las-dos-entidades\/","title":{"rendered":"La Fundaci\u00f3n privada Vall\u00e8s Oriental y la Fundaci\u00f3n APADIS inician el proceso de uni\u00f3n de las dos entidades"},"content":{"rendered":"<p>La Fundaci\u00f3n privada Vall\u00e8s Oriental y la Fundaci\u00f3n APADIS han iniciado las conversaciones para fusionarse con el objetivo de mejorar la atenci\u00f3n de las necesidades de las personas con disCapacidad de la comarca del Vall\u00e8s Oriental. Esta uni\u00f3n tiene sus ra\u00edces en qu\u00e9 ambas entidades comparten la misma misi\u00f3n \u00abmejorar y potenciar la calidad de vida de las personas con discapacitado y sus familias\u00bb y \u00abvelar porque sus oportunidades y derechos como personas sean respetados\u00bb.<\/p>\n<p>La Fundaci\u00f3n APADIS, que atiende a 132 personas con disCapacidad, tiene una trayectoria consolidada y reconocida, destacan, entre otras, la creaci\u00f3n de proyectos sociales innovadores, una red de formaci\u00f3n y una relaci\u00f3n amplia con las instituciones, tanto p\u00fablicas como privadas,<br \/>\ntodo esto con un estilo comunicativo propio. La Fundaci\u00f3n privada Vall\u00e8s Oriental, que diariamente da servicio a 508 personas con disCapacidad, por otro lado, aporta una experiencia consolidada en la atenci\u00f3n a las personas, disponiendo de todos los servicios que las personas pueden<br \/>\nnecesitar en su vida adulta, tanto a nivel laboral, como ocupacional, residencial, rehabilitador y de ocio. La FVO dispone igualmente de una estructura administrativa preparada para asumir proyectos comunes.<\/p>\n<p>Adem\u00e1s, la Fundaci\u00f3n privada Vall\u00e8s Oriental est\u00e1 inmersa en pleno proceso de cambio estrat\u00e9gico, incluido el cambio de logotipo e imagen corporativa, que el trabajo conjunto con APADIS, sin duda, ayudar\u00e1 a consolidar. La Fundaci\u00f3n APADIS, por su parte, tambi\u00e9n incrementar\u00e1 su<br \/>\npresencia en \u00e1mbitos, hasta ahora desconocidos por la entidad, y con una estructura administrativa fuerte y preparada.<\/p>\n<p>\u00abHemos iniciado este camino hacia la uni\u00f3n con el horizonte que este proceso d\u00e9 m\u00e1s oportunidades, de inclusi\u00f3n social y de integraci\u00f3n laboral, y m\u00e1s bienestar al m\u00e1ximo n\u00famero de personas con discapacitado intelectual a la comarca? comenta Rafel Arderiu, Director General de la Fundaci\u00f3n privada Vall\u00e8s Oriental.<\/p>\n<p>\u00abEs una muy buena noticia porque esta alianza proporcionar\u00e1 una estabilidad y continuidad a los proyectos que actualmente estaba desarrollando APADIS, especialmente agravado por el impacto de la C\u00f2vid entre otras circunstancias\u00bb comenta Imma Navarro, presidenta de la Fundaci\u00f3n y Asociaci\u00f3n APADIS.<\/p>\n<p>Estamos muy convencidos y convencidas que esta uni\u00f3n dar\u00e1 lugar a nuevos proyectos de futuro innovadores para la comarca y pensados para continuar apostando por la inclusi\u00f3n social y la integraci\u00f3n laboral de las personas con disCapacidad.<\/p>\n","protected":false},"excerpt":{"rendered":"<p>La Fundaci\u00f3n privada Vall\u00e8s Oriental y la Fundaci\u00f3n APADIS han iniciado las conversaciones para fusionarse con el objetivo de mejorar la atenci\u00f3n de las necesidades de las personas con disCapacidad de la [&hellip;]<\/p>\n","protected":false},"author":2,"featured_media":11726,"comment_status":"open","ping_status":"closed","sticky":false,"template":"","format":"standard","meta":{"_seopress_robots_primary_cat":"","_seopress_titles_title":"","_seopress_titles_desc":"","_seopress_robots_index":"","inline_featured_image":false,"footnotes":""},"class_list":["post-11731","post","type-post","status-publish","format-standard","has-post-thumbnail","hentry"],"_links":{"self":[{"href":"https:\/\/fvo.cat\/es\/wp-json\/wp\/v2\/posts\/11731","targetHints":{"allow":["GET"]}}],"collection":[{"href":"https:\/\/fvo.cat\/es\/wp-json\/wp\/v2\/posts"}],"about":[{"href":"https:\/\/fvo.cat\/es\/wp-json\/wp\/v2\/types\/post"}],"author":[{"embeddable":true,"href":"https:\/\/fvo.cat\/es\/wp-json\/wp\/v2\/users\/2"}],"replies":[{"embeddable":true,"href":"https:\/\/fvo.cat\/es\/wp-json\/wp\/v2\/comments?post=11731"}],"version-history":[{"count":0,"href":"https:\/\/fvo.cat\/es\/wp-json\/wp\/v2\/posts\/11731\/revisions"}],"wp:featuredmedia":[{"embeddable":true,"href":"https:\/\/fvo.cat\/es\/wp-json\/wp\/v2\/media\/11726"}],"wp:attachment":[{"href":"https:\/\/fvo.cat\/es\/wp-json\/wp\/v2\/media?parent=11731"}],"curies":[{"name":"wp","href":"https:\/\/api.w.org\/{rel}","templated":true}]}}