{"id":12189,"date":"2021-09-28T15:11:48","date_gmt":"2021-09-28T13:11:48","guid":{"rendered":"https:\/\/fvo.cat\/?p=12189"},"modified":"2025-04-03T13:25:34","modified_gmt":"2025-04-03T11:25:34","slug":"ponemos-en-marcha-el-gat-a-lagua-el-nuevo-gastrobar-del-club-natacion-granollers","status":"publish","type":"post","link":"https:\/\/fvo.cat\/es\/ponemos-en-marcha-el-gat-a-lagua-el-nuevo-gastrobar-del-club-natacion-granollers\/","title":{"rendered":"Ponemos en marcha El gat a l&#8217;aigua, el nuevo gastrobar del Club Nataci\u00f3n Granollers"},"content":{"rendered":"<p>Desde la Fundaci\u00f3n continuamos avanzando en proyectos para crear nuevos puestos de trabajo para personas con disCapacidad y nuevas oportunidades para fomentar su inclusi\u00f3n social. Entre estos nuevos proyectos, estamos muy contentos de anunciaros que <strong>la Fundaci\u00f3n ha ganado el concurso p\u00fablico para gestionar el bar del Club Nataci\u00f3n Granollers<\/strong>.<\/p>\n<p><img loading=\"lazy\" decoding=\"async\" class=\"aligncenter size-full wp-image-12183\" src=\"https:\/\/fvo.cat\/wp-content\/uploads\/2023\/07\/1_Captura.jpg\" alt=\"\" width=\"1100\" height=\"631\" \/><\/p>\n<p>La Fundaci\u00f3n, con la experiencia del equipo de la Fundaci\u00f3n Apadis &#8211; entidad con la que se est\u00e1 a punto de finalizar el proceso de fusi\u00f3n-, ha presentado un proyecto de gastrobar social \u00abEL GAT A L&#8217;AIGUA\u00bb con el objetivo de dinamizar este espacio y crear, de manera conjunta con el club, estrategias de intervenci\u00f3n comunitarias con una naturaleza inclusiva que favorecer\u00e1 la integraci\u00f3n laboral de personas con disCapacidad y en total sinton\u00eda con los valores del CNG.<\/p>\n<p>&nbsp;<\/p>\n<p><img loading=\"lazy\" decoding=\"async\" class=\"aligncenter wp-image-12186\" src=\"https:\/\/fvo.cat\/wp-content\/uploads\/2023\/07\/web_IMG_20210927_132955_1.jpg\" alt=\"\" width=\"971\" height=\"726\" \/><\/p>\n<p>A partir del martes 28 de septiembre se inician las obras y preparaci\u00f3n del equipo de profesionales y del Centro Especial de Trabajo que participar\u00e1n. Y esperamos poder empezar a servir a los clientes del Gat a l&#8217;aigua el pr\u00f3ximo lunes 11 de octubre.<\/p>\n","protected":false},"excerpt":{"rendered":"<p>Desde la Fundaci\u00f3n continuamos avanzando en proyectos para crear nuevos puestos de trabajo para personas con disCapacidad y nuevas oportunidades para fomentar su inclusi\u00f3n social. Entre estos nuevos proyectos, estamos muy contentos [&hellip;]<\/p>\n","protected":false},"author":2,"featured_media":12184,"comment_status":"closed","ping_status":"closed","sticky":false,"template":"","format":"standard","meta":{"_seopress_robots_primary_cat":"","_seopress_titles_title":"","_seopress_titles_desc":"","_seopress_robots_index":"","inline_featured_image":false,"footnotes":""},"class_list":["post-12189","post","type-post","status-publish","format-standard","has-post-thumbnail","hentry"],"_links":{"self":[{"href":"https:\/\/fvo.cat\/es\/wp-json\/wp\/v2\/posts\/12189","targetHints":{"allow":["GET"]}}],"collection":[{"href":"https:\/\/fvo.cat\/es\/wp-json\/wp\/v2\/posts"}],"about":[{"href":"https:\/\/fvo.cat\/es\/wp-json\/wp\/v2\/types\/post"}],"author":[{"embeddable":true,"href":"https:\/\/fvo.cat\/es\/wp-json\/wp\/v2\/users\/2"}],"replies":[{"embeddable":true,"href":"https:\/\/fvo.cat\/es\/wp-json\/wp\/v2\/comments?post=12189"}],"version-history":[{"count":0,"href":"https:\/\/fvo.cat\/es\/wp-json\/wp\/v2\/posts\/12189\/revisions"}],"wp:featuredmedia":[{"embeddable":true,"href":"https:\/\/fvo.cat\/es\/wp-json\/wp\/v2\/media\/12184"}],"wp:attachment":[{"href":"https:\/\/fvo.cat\/es\/wp-json\/wp\/v2\/media?parent=12189"}],"curies":[{"name":"wp","href":"https:\/\/api.w.org\/{rel}","templated":true}]}}