{"id":12258,"date":"2021-10-28T14:51:51","date_gmt":"2021-10-28T12:51:51","guid":{"rendered":"https:\/\/fvo.cat\/?p=12258"},"modified":"2023-07-03T15:34:22","modified_gmt":"2023-07-03T13:34:22","slug":"os-presentamos-la-nueva-imagen-de-la-fundacion","status":"publish","type":"post","link":"https:\/\/fvo.cat\/es\/os-presentamos-la-nueva-imagen-de-la-fundacion\/","title":{"rendered":"Os presentamos la nueva imagen de la Fundaci\u00f3n"},"content":{"rendered":"<p>Os presentamos la nueva imagen de la Fundaci\u00f3 Vall\u00e8s Oriental, con la persona con disCapacidad. Un <strong>nuevo logotipo inspirado en el dibujo realizado en equipo por todas las personas atendidas en la Llar\u00a0 Vall\u00e8s de la Fundaci\u00f3<\/strong>!<\/p>\n<p>&nbsp;<\/p>\n<p>La nueva imagen representa la integraci\u00f3n de las personas con disCapacidad, la interrelaci\u00f3n con las familias, la diversidad de las personas que atendemos, la voluntad de hacer red con las entidades y administraciones del territorio, nuestros servicios y sobre todo que las personas que atendemos son los y las protagonistas. Yolanda y\u00a0 Raul, dos de las 8 personas que conviven en la Llar, han hecho hoy la presentaci\u00f3n a los medios de comunicaci\u00f3n y nos trasladan que \u00abest\u00e1n \u00abflipando\u00bb, muy contentos y contentas, y orgullosas que se haya elegido su propuesta\u00bb.<\/p>\n<p>&nbsp;<\/p>\n<p><img loading=\"lazy\" decoding=\"async\" class=\"aligncenter size-full wp-image-12244\" src=\"https:\/\/fvo.cat\/wp-content\/uploads\/2023\/07\/FUNDACIO-Logo-horitzontal.jpg\" alt=\"\" width=\"992\" height=\"652\" \/> <img loading=\"lazy\" decoding=\"async\" class=\"aligncenter size-full wp-image-12247\" src=\"https:\/\/fvo.cat\/wp-content\/uploads\/2023\/07\/Imatge-Grup-Valles.jpg\" alt=\"\" width=\"1497\" height=\"1341\" \/><\/p>\n<p>&nbsp;<\/p>\n<p>&nbsp;<\/p>\n<p>C\u00f3mo sab\u00e9is la Fundaci\u00f3 ha llevado a cabo cambios importantes entre ellos elaborar de manera conjunta un nuevo Marco Estrat\u00e9gico definiendo el camino de la entidad para los pr\u00f3ximos a\u00f1os. En este documento, uno de los objetivos definidos era renovar nuestra imagen corporativa, que la manera como la FVO se muestra al exterior tambi\u00e9n recogiera estos nuevos cambios.<\/p>\n<p>&nbsp;<\/p>\n<p>Para hacerlo iniciamos un concurso de dise\u00f1o de nuevos logotipos donde participaron todas las personas atendidas a los diferentes servicios trasladando por ellos y ellas qu\u00e9 es la Fundaci\u00f3n y qu\u00e9 esperan de ella en un futuro. Un jurado configurado por personas atendidas y profesionales de todos los servicios escogieron entre las 350 propuestas realizadas algunas opciones finalistas y la dise\u00f1adora de la Fundaci\u00f3n ha acabado de darle la forma que hoy os presentamos.<\/p>\n<p>&nbsp;<\/p>\n<p>\u00a1Esperamos que os guste!<\/p>\n<p>&nbsp;<\/p>\n","protected":false},"excerpt":{"rendered":"<p>Os presentamos la nueva imagen de la Fundaci\u00f3 Vall\u00e8s Oriental, con la persona con disCapacidad. Un nuevo logotipo inspirado en el dibujo realizado en equipo por todas las personas atendidas en la [&hellip;]<\/p>\n","protected":false},"author":2,"featured_media":12254,"comment_status":"closed","ping_status":"closed","sticky":false,"template":"","format":"standard","meta":{"_seopress_robots_primary_cat":"","_seopress_titles_title":"","_seopress_titles_desc":"","_seopress_robots_index":"","inline_featured_image":false,"footnotes":""},"class_list":["post-12258","post","type-post","status-publish","format-standard","has-post-thumbnail","hentry"],"_links":{"self":[{"href":"https:\/\/fvo.cat\/es\/wp-json\/wp\/v2\/posts\/12258","targetHints":{"allow":["GET"]}}],"collection":[{"href":"https:\/\/fvo.cat\/es\/wp-json\/wp\/v2\/posts"}],"about":[{"href":"https:\/\/fvo.cat\/es\/wp-json\/wp\/v2\/types\/post"}],"author":[{"embeddable":true,"href":"https:\/\/fvo.cat\/es\/wp-json\/wp\/v2\/users\/2"}],"replies":[{"embeddable":true,"href":"https:\/\/fvo.cat\/es\/wp-json\/wp\/v2\/comments?post=12258"}],"version-history":[{"count":0,"href":"https:\/\/fvo.cat\/es\/wp-json\/wp\/v2\/posts\/12258\/revisions"}],"wp:featuredmedia":[{"embeddable":true,"href":"https:\/\/fvo.cat\/es\/wp-json\/wp\/v2\/media\/12254"}],"wp:attachment":[{"href":"https:\/\/fvo.cat\/es\/wp-json\/wp\/v2\/media?parent=12258"}],"curies":[{"name":"wp","href":"https:\/\/api.w.org\/{rel}","templated":true}]}}