{"id":12288,"date":"2022-04-08T15:48:12","date_gmt":"2022-04-08T13:48:12","guid":{"rendered":"https:\/\/fvo.cat\/?p=12288"},"modified":"2023-07-03T15:33:29","modified_gmt":"2023-07-03T13:33:29","slug":"las-entidades-de-la-discapacidad-intelectual-del-valles-oriental-crean-la-red-divo","status":"publish","type":"post","link":"https:\/\/fvo.cat\/es\/las-entidades-de-la-discapacidad-intelectual-del-valles-oriental-crean-la-red-divo\/","title":{"rendered":"Las entidades de la discapacidad intelectual del Vall\u00e8s Oriental crean la Red DIVO"},"content":{"rendered":"<p><strong>El objetivo es reordenar y planificar coordinadamente los servicios del territorio y crear un espacio de orientaci\u00f3n \u00fanico para todas las personas que acaban la etapa escolar.<\/strong><\/p>\n<ul>\n<li><strong>El primer paso ser\u00e1 realizar un estudio de poblaci\u00f3n para hacer aflorar casos invisibles de personas que est\u00e1n en casa sin opciones para desarrollar su proyecto de vida.<\/strong><\/li>\n<\/ul>\n<p><img loading=\"lazy\" decoding=\"async\" class=\"aligncenter size-full wp-image-12285\" src=\"https:\/\/fvo.cat\/wp-content\/uploads\/2023\/07\/IMG-20220408-WA0053.jpg\" alt=\"\" width=\"2048\" height=\"1536\" \/><\/p>\n<p>Las entidades que trabajan dando servicios en personas con discapacidad intelectual en el Vall\u00e8s Oriental han acordado establecer redes de colaboraci\u00f3n y reforzar las demandas del sector.<\/p>\n<p>Este grupo nace de la necesidad com\u00fan de disponer de una planificaci\u00f3n que cubra todas las necesidades del ciclo vital de cualquier persona con discapacidad intelectual del Vall\u00e8s Oriental, optimizando recursos y haciendo aflorar aquellos casos que son invisibles y que tarde o pronto precisar\u00e1n de alg\u00fan recurso.<\/p>\n<p>Este martes 22 de marzo, se constituy\u00f3 formalmente la Asociaci\u00f3n Red por la Discapacidad Intelectual del Vall\u00e8s Oriental (Red DIVO). Inicialmente est\u00e1 integrada por Afadis Baix Montseny, Apindep Ron\u00e7ana, la Fundaci\u00f3n Privada Vall\u00e8s Oriental (FVO) , Grupdem, y Viver de Belloch. La Fundaci\u00f3n Acci\u00f3n Baix Montseny, el Instituto Municipal de Servicios a los Discapacitados de Mollet y el centro de educaci\u00f3n especial Montserrat Montero, se a\u00f1adir\u00e1n durante las pr\u00f3ximas semanas.<\/p>\n<p>El grupo quiere fomentar el trabajo en red coordinando esfuerzos pero manteniendo la idiosincrasia de cada entidad y preservando el equilibrio territorial.<\/p>\n<p>La actividad de la Red se centrar\u00e1 en:<br \/>\n&#8211; Realizar una planificaci\u00f3n conjunta de las necesidades de las personas con discapacidad intelectual del territorio, a trav\u00e9s de una actuaci\u00f3n coordinada de todas las entidades sociales.<br \/>\n&#8211; Promover una atenci\u00f3n integral de las personas a lo largo de su vida, de acuerdo con sus necesidades y su ciclo vital.<br \/>\n&#8211; Trabajar conjuntamente y coordinadamente con las administraciones p\u00fablicas competentes, para crear los servicios y recursos de acuerdo con las necesidades de las personas.<br \/>\n&#8211; Orientar a las personas con DI y a sus familias, en colaboraci\u00f3n con las entidades del territorio, por que puedan acceder a los servicios mas adecuados.<br \/>\n&#8211; Promover todos aquellos estudios, proyectos, jornadas, investigaciones y actividades similares, a trav\u00e9s de sus medios o los de sus entidades socias, necesarios para ofrecer un servicio integral a las personas con DI y sus familias.<\/p>\n<p>Las entidades fueron recibidas hace unas semanas por la consejera de Derechos Sociales, Violant Cervera; para comentar la situaci\u00f3n actual de la atenci\u00f3n a la discapacidad intelectual en el territorio. El grupo tambi\u00e9n quiere trabajar en un estudio de poblaci\u00f3n, herramienta esencial para ordenar los servicios del territorio. Es indispensable disponer de una informaci\u00f3n lo m\u00e1s realista posible de las necesidades de la comarca en el plazo de 5-6 a\u00f1os, ubicando todas las personas que en estos momentos est\u00e1n en casa.<\/p>\n<p>Este estudio tiene que servir para desarrollar uno de los objetivos de futuro: la creaci\u00f3n de un servicio de orientaci\u00f3n en formato de ventanilla \u00fanica, que atienda las personas que acaban su etapa escolar y sus familias.<\/p>\n","protected":false},"excerpt":{"rendered":"<p>El objetivo es reordenar y planificar coordinadamente los servicios del territorio y crear un espacio de orientaci\u00f3n \u00fanico para todas las personas que acaban la etapa escolar. El primer paso ser\u00e1 realizar [&hellip;]<\/p>\n","protected":false},"author":2,"featured_media":14084,"comment_status":"closed","ping_status":"closed","sticky":false,"template":"","format":"standard","meta":{"_seopress_robots_primary_cat":"","_seopress_titles_title":"","_seopress_titles_desc":"","_seopress_robots_index":"","inline_featured_image":false,"footnotes":""},"class_list":["post-12288","post","type-post","status-publish","format-standard","has-post-thumbnail","hentry"],"_links":{"self":[{"href":"https:\/\/fvo.cat\/es\/wp-json\/wp\/v2\/posts\/12288","targetHints":{"allow":["GET"]}}],"collection":[{"href":"https:\/\/fvo.cat\/es\/wp-json\/wp\/v2\/posts"}],"about":[{"href":"https:\/\/fvo.cat\/es\/wp-json\/wp\/v2\/types\/post"}],"author":[{"embeddable":true,"href":"https:\/\/fvo.cat\/es\/wp-json\/wp\/v2\/users\/2"}],"replies":[{"embeddable":true,"href":"https:\/\/fvo.cat\/es\/wp-json\/wp\/v2\/comments?post=12288"}],"version-history":[{"count":0,"href":"https:\/\/fvo.cat\/es\/wp-json\/wp\/v2\/posts\/12288\/revisions"}],"wp:featuredmedia":[{"embeddable":true,"href":"https:\/\/fvo.cat\/es\/wp-json\/wp\/v2\/media\/14084"}],"wp:attachment":[{"href":"https:\/\/fvo.cat\/es\/wp-json\/wp\/v2\/media?parent=12288"}],"curies":[{"name":"wp","href":"https:\/\/api.w.org\/{rel}","templated":true}]}}