{"id":12341,"date":"2022-05-13T08:12:56","date_gmt":"2022-05-13T06:12:56","guid":{"rendered":"https:\/\/fvo.cat\/?p=12341"},"modified":"2023-07-03T14:23:50","modified_gmt":"2023-07-03T12:23:50","slug":"ponemos-en-marcha-un-nuevo-modelo-de-centro-ocupacional","status":"publish","type":"post","link":"https:\/\/fvo.cat\/es\/ponemos-en-marcha-un-nuevo-modelo-de-centro-ocupacional\/","title":{"rendered":"Ponemos en marcha un nuevo modelo de Centro Ocupacional"},"content":{"rendered":"<ul>\n<li><strong>Se trata de un gran paso adelante que deja atr\u00e1s el modelo tradicional de Centro y se centra en el nuevo modelo de atenci\u00f3n integral a la persona<\/strong><\/li>\n<\/ul>\n<p>La Fundaci\u00f3n Vall\u00e8s Oriental acaba de poner en funcionamiento un nuevo modelo de atenci\u00f3n a la persona con discapacidad intelectual en el Centro Ocupacional. Tradicionalmente, los centros ocupacionales divid\u00edan los grupos de actividades y terapia de las personas atendidas en funci\u00f3n del dictamen emitido por la Generalitat de Catalunya donde se indicaba si la persona requer\u00eda un Servicio de Terapia Ocupacional (STO) o un Servicio Ocupacional de Inserci\u00f3n (SOI). En cambio, el nuevo modelo de Centro Ocupacional se basa en nuevos ejes adaptados c\u00f3mo:<\/p>\n<ul>\n<li>Los perfiles de las personas que se est\u00e1 atendiendo<\/li>\n<li>Los gustos y preferencias de cada persona atendida para poder adaptar el plan de actividades al m\u00e1ximo<\/li>\n<li>Finalmente, el \u00e1mbito relacional puesto que se quiere fomentar que las personas atendidas se sientan c\u00f3modos los unos con los otros<\/li>\n<\/ul>\n<p>Este nuevo modelo se ha iniciado el lunes 02 de mayo y en total se han creado 19 grupos de Centro Ocupacional distribuidos en gente mayor, gente joven, personas de actividad prelaboral, grupo mixto, grupos uea &#8211; unidad de espectro autista y grupos uac &#8211; unidad de an\u00e1lisis del comportamiento. En este nuevo modelo adquiere una importancia especial el espacio donde se desarrolla cada actividad puesto que se convierte en un elemento terap\u00e9utico m\u00e1s desde el propio mobiliario, a la iluminaci\u00f3n o los sistemas de comunicaci\u00f3n alternativos. \u00abTodo este modelo implica un compromiso y esfuerzo de la Fundaci\u00f3n puesto que hay que impulsarlo tambi\u00e9n des de un ambicioso plan de formaci\u00f3n del personal de atenci\u00f3n directa que garantice que los y las profesionales tienen todas las herramientas necesarias para poder acompa\u00f1ar cada uno de los grupos\u00bb expone Rafel Arderiu, Director General de la Fundaci\u00f3.<\/p>\n<p>Hemos conversado con uno de los grupo de j\u00f3venes para saber su opini\u00f3n sobre este nuevo modelo y \u00e9sta ha sido su reflexi\u00f3n:<br \/>\n&#8211; Por nosotros, el centro es el lugar donde hagamos actividades adentro y muchas afuera: vamos a la Protectora de Granollers, entrenamos para la Media de Granollers, hacemos nataci\u00f3n art\u00edstica con el *CN Las Franquezas, tenemos un programa de radio con Radio *Montorn\u00e8s y empezaremos ahora la tele<br \/>\n&#8211; Nos encanta colgar en redes todo lo qu\u00e9 hagamos y nos pod\u00e9is encontrar en instagram<br \/>\n&#8211; Nos divertimos mucho, bailamos *zumba, hacemos teatro en las escuelas<br \/>\n&#8211; Somos una pandilla de amigos y amigas haciendo actividades que nos encantan<br \/>\n&#8211; \u00a1Estoy genial en lo centro!<br \/>\n<img loading=\"lazy\" decoding=\"async\" class=\"aligncenter size-full wp-image-12338\" src=\"https:\/\/fvo.cat\/wp-content\/uploads\/2023\/07\/20220503_160136-scaled.jpg\" alt=\"\" width=\"2560\" height=\"1920\" \/><br \/>\nEl grupo de j\u00f3venes del Centro Ocupacional que nos ha trasladado su opini\u00f3n<\/p>\n<p>&nbsp;<\/p>\n","protected":false},"excerpt":{"rendered":"<p>Se trata de un gran paso adelante que deja atr\u00e1s el modelo tradicional de Centro y se centra en el nuevo modelo de atenci\u00f3n integral a la persona La Fundaci\u00f3n Vall\u00e8s Oriental [&hellip;]<\/p>\n","protected":false},"author":2,"featured_media":12336,"comment_status":"closed","ping_status":"closed","sticky":false,"template":"","format":"standard","meta":{"_seopress_robots_primary_cat":"","_seopress_titles_title":"","_seopress_titles_desc":"","_seopress_robots_index":"","inline_featured_image":false,"footnotes":""},"class_list":["post-12341","post","type-post","status-publish","format-standard","has-post-thumbnail","hentry"],"_links":{"self":[{"href":"https:\/\/fvo.cat\/es\/wp-json\/wp\/v2\/posts\/12341","targetHints":{"allow":["GET"]}}],"collection":[{"href":"https:\/\/fvo.cat\/es\/wp-json\/wp\/v2\/posts"}],"about":[{"href":"https:\/\/fvo.cat\/es\/wp-json\/wp\/v2\/types\/post"}],"author":[{"embeddable":true,"href":"https:\/\/fvo.cat\/es\/wp-json\/wp\/v2\/users\/2"}],"replies":[{"embeddable":true,"href":"https:\/\/fvo.cat\/es\/wp-json\/wp\/v2\/comments?post=12341"}],"version-history":[{"count":0,"href":"https:\/\/fvo.cat\/es\/wp-json\/wp\/v2\/posts\/12341\/revisions"}],"wp:featuredmedia":[{"embeddable":true,"href":"https:\/\/fvo.cat\/es\/wp-json\/wp\/v2\/media\/12336"}],"wp:attachment":[{"href":"https:\/\/fvo.cat\/es\/wp-json\/wp\/v2\/media?parent=12341"}],"curies":[{"name":"wp","href":"https:\/\/api.w.org\/{rel}","templated":true}]}}