{"id":12446,"date":"2023-01-17T11:51:08","date_gmt":"2023-01-17T09:51:08","guid":{"rendered":"https:\/\/fvo.cat\/?p=12446"},"modified":"2023-07-03T14:22:00","modified_gmt":"2023-07-03T12:22:00","slug":"el-servicio-de-formacion-ya-tiene-otorgado-el-proyecto-sioas-por-este-curso","status":"publish","type":"post","link":"https:\/\/fvo.cat\/es\/el-servicio-de-formacion-ya-tiene-otorgado-el-proyecto-sioas-por-este-curso\/","title":{"rendered":"El Servicio de Formaci\u00f3n ya tiene otorgado el proyecto SIOAS por este curso"},"content":{"rendered":"<p>El Servicio de Formaci\u00f3n e Inserci\u00f3n Laboral de la Fundaci\u00f3n ha renovado el proyecto SIOAS, STC012\/22\/000055, se trata de las Subvenciones para la realizaci\u00f3n de los servicios integrales de orientaci\u00f3n, acompa\u00f1amiento y apoyo a la inserci\u00f3n de las personas con discapacitado o trastornos de la salud mental (SIOAS) del Departamento de Empresa y Trabajo de la Generalitat y cofinanciado por la Uni\u00f3n Europea.<\/p>\n<p>El curso 2021-22, \u00a1el proyecto SIOAS consigui\u00f3 unos grandes resultados!<\/p>\n<p>\u2705 Personas atendidas: 46<br \/>\n\u2705 Personas atendida en seguimiento laboral: 20. Sus contratos se han podido mantener y pasar a indefinidos<br \/>\n\u2705 Personas atendida en formaci\u00f3n laboral: 26. De \u00e9stas ha habido 14 contrataciones en la empresa ordinaria, 5 contrataciones en entorno laboral protegido y 7 convenios de pr\u00e1cticas formativas<\/p>\n<p><img loading=\"lazy\" decoding=\"async\" class=\"aligncenter size-full wp-image-12434\" src=\"https:\/\/fvo.cat\/wp-content\/uploads\/2023\/07\/SIOAS-2021_2022.png\" alt=\"\" width=\"672\" height=\"671\" \/><\/p>\n<p>&nbsp;<\/p>\n<p><img loading=\"lazy\" decoding=\"async\" class=\"size-full wp-image-12437 alignleft\" src=\"https:\/\/fvo.cat\/wp-content\/uploads\/2023\/07\/logo-UE.png\" alt=\"\" width=\"503\" height=\"129\" \/> <img loading=\"lazy\" decoding=\"async\" class=\"aligncenter size-full wp-image-12440\" src=\"https:\/\/fvo.cat\/wp-content\/uploads\/2023\/07\/DEPT.png\" alt=\"\" width=\"514\" height=\"149\" \/><\/p>\n","protected":false},"excerpt":{"rendered":"<p>El Servicio de Formaci\u00f3n e Inserci\u00f3n Laboral de la Fundaci\u00f3n ha renovado el proyecto SIOAS, STC012\/22\/000055, se trata de las Subvenciones para la realizaci\u00f3n de los servicios integrales de orientaci\u00f3n, acompa\u00f1amiento y [&hellip;]<\/p>\n","protected":false},"author":2,"featured_media":12773,"comment_status":"closed","ping_status":"closed","sticky":false,"template":"","format":"standard","meta":{"_seopress_robots_primary_cat":"","_seopress_titles_title":"","_seopress_titles_desc":"","_seopress_robots_index":"","inline_featured_image":false,"footnotes":""},"class_list":["post-12446","post","type-post","status-publish","format-standard","has-post-thumbnail","hentry"],"_links":{"self":[{"href":"https:\/\/fvo.cat\/es\/wp-json\/wp\/v2\/posts\/12446","targetHints":{"allow":["GET"]}}],"collection":[{"href":"https:\/\/fvo.cat\/es\/wp-json\/wp\/v2\/posts"}],"about":[{"href":"https:\/\/fvo.cat\/es\/wp-json\/wp\/v2\/types\/post"}],"author":[{"embeddable":true,"href":"https:\/\/fvo.cat\/es\/wp-json\/wp\/v2\/users\/2"}],"replies":[{"embeddable":true,"href":"https:\/\/fvo.cat\/es\/wp-json\/wp\/v2\/comments?post=12446"}],"version-history":[{"count":0,"href":"https:\/\/fvo.cat\/es\/wp-json\/wp\/v2\/posts\/12446\/revisions"}],"wp:featuredmedia":[{"embeddable":true,"href":"https:\/\/fvo.cat\/es\/wp-json\/wp\/v2\/media\/12773"}],"wp:attachment":[{"href":"https:\/\/fvo.cat\/es\/wp-json\/wp\/v2\/media?parent=12446"}],"curies":[{"name":"wp","href":"https:\/\/api.w.org\/{rel}","templated":true}]}}