{"id":12645,"date":"2023-06-14T12:51:01","date_gmt":"2023-06-14T12:51:01","guid":{"rendered":"https:\/\/fvo.cat\/?p=12645"},"modified":"2023-06-14T12:51:01","modified_gmt":"2023-06-14T12:51:01","slug":"la-cambra-y-la-fundacio-valles-oriental-promueven-la-insercion-de-las-personas-en-riesgo-de-exclusion-laboral-en-el-territorio","status":"publish","type":"post","link":"https:\/\/fvo.cat\/es\/la-cambra-y-la-fundacio-valles-oriental-promueven-la-insercion-de-las-personas-en-riesgo-de-exclusion-laboral-en-el-territorio\/","title":{"rendered":"La Cambra y la Fundaci\u00f3 Vall\u00e8s Oriental promueven la inserci\u00f3n de las personas en riesgo de exclusi\u00f3n laboral en el territorio"},"content":{"rendered":"<ul>\n<li>Ambas entidades trabajar\u00e1n juntas para sensibilizar las empresarias y los empresarios del Vall\u00e8s Oriental sobre su papel como agentes promotores de la responsabilidad social y la inserci\u00f3n laboral.<\/li>\n<li>La apuesta se ha materializado con un acuerdo subscrito por parte de la presidenta de la C\u00e1mara de Comercio de Barcelona, M\u00f2nica Roca y Aparici, y el director general de la Fundaci\u00f3n Vall\u00e8s Oriental, Rafel Arderiu.<img loading=\"lazy\" decoding=\"async\" class=\"aligncenter size-full wp-image-12642\" src=\"https:\/\/fvo.cat\/wp-content\/uploads\/2023\/07\/IMG_20230613_100715-scaled.jpg\" alt=\"\" width=\"2560\" height=\"1920\" \/><\/li>\n<\/ul>\n<p>La C\u00e1mara territorial del Vall\u00e8s Oriental y la Fundaci\u00f3n Privada Vall\u00e8s Oriental para personas con disCapacidad intelectual unen fuerzas para promover la inserci\u00f3n laboral y social de las personas con riesgo de exclusi\u00f3n laboral apostando por la sensibilizaci\u00f3n, la orientaci\u00f3n y el asesoramiento\u00bb. En concreto, el acuerdo subscrito por ambas entidades establece como prop\u00f3sito concienciar a empresas y a administraciones p\u00fablicas sobre la importancia de favorecer la inserci\u00f3n social y laboral de las personas con disCapacidad intelectual. En este sentido, se impulsar\u00e1n iniciativas dirigidas a orientar y asesorar a las empresas del Vall\u00e8s Oriental sobre los beneficios de la contrataci\u00f3n de personas con disCapacidad, as\u00ed como se facilitar\u00e1 la incorporaci\u00f3n de personas atendidas en la fundaci\u00f3n en empresas de la comarca.<\/p>\n<p>Adem\u00e1s, como resultado de la <img loading=\"lazy\" decoding=\"async\" class=\"alignleft wp-image-12639 size-medium\" src=\"https:\/\/fvo.cat\/wp-content\/uploads\/2023\/07\/IMG_20230613_100656-300x225.jpg\" alt=\"\" width=\"300\" height=\"225\" \/>apuesta compartida, se han puesto las bases porqu\u00e9 la corporaci\u00f3n cameral organice una jornada anual orientada al tejido productivo vallesano, sobre la aplicaci\u00f3n de la Ley General de la Discapacidad (LGD) y los efectos positivos que tiene la incorporaci\u00f3n de personas trabajadoras con disCapacidad intelectual en sus equipos de trabajo. La uni\u00f3n se ha materializado esta ma\u00f1ana con la firma del convenio por parte de la presidenta de la C\u00e1mara de comercio de Barcelona, M\u00f2nica Roca y Aparici, y el director general de la Fundaci\u00f3n Vall\u00e8s Oriental, Rafel Arderiu. Una r\u00fabrica que ha contado con la participaci\u00f3n por parte de C\u00e1mara, del presidente de la territorial del Vall\u00e8s Oriental, Jaume Aragall, y por parte de la fundaci\u00f3n, de la cabeza de gesti\u00f3n operativa de la ?entidad social, Eduard Martin y de la ninguno de comunicaci\u00f3n, S\u00f2nia Garcia.<\/p>\n<p>La colaboraci\u00f3n responde a la visi\u00f3n principal de la C\u00e1mara de comercio de Barcelona que quiere construir una econom\u00eda basada en valores como la equidad, la integraci\u00f3n y la justicia. De hecho, el acuerdo materializa la responsabilidad social y sensibiliza en el \u00e1mbito empresarial, la ciudadan\u00eda y las administraciones p\u00fablicas sobre la inserci\u00f3n laboral de las personas con disCapacidad intelectual.<\/p>\n","protected":false},"excerpt":{"rendered":"<p>Ambas entidades trabajar\u00e1n juntas para sensibilizar las empresarias y los empresarios del Vall\u00e8s Oriental sobre su papel como agentes promotores de la responsabilidad social y la inserci\u00f3n laboral. La apuesta se ha [&hellip;]<\/p>\n","protected":false},"author":2,"featured_media":12640,"comment_status":"open","ping_status":"closed","sticky":false,"template":"","format":"standard","meta":{"_seopress_robots_primary_cat":"","_seopress_titles_title":"","_seopress_titles_desc":"","_seopress_robots_index":"","inline_featured_image":false,"footnotes":""},"class_list":["post-12645","post","type-post","status-publish","format-standard","has-post-thumbnail","hentry"],"_links":{"self":[{"href":"https:\/\/fvo.cat\/es\/wp-json\/wp\/v2\/posts\/12645","targetHints":{"allow":["GET"]}}],"collection":[{"href":"https:\/\/fvo.cat\/es\/wp-json\/wp\/v2\/posts"}],"about":[{"href":"https:\/\/fvo.cat\/es\/wp-json\/wp\/v2\/types\/post"}],"author":[{"embeddable":true,"href":"https:\/\/fvo.cat\/es\/wp-json\/wp\/v2\/users\/2"}],"replies":[{"embeddable":true,"href":"https:\/\/fvo.cat\/es\/wp-json\/wp\/v2\/comments?post=12645"}],"version-history":[{"count":0,"href":"https:\/\/fvo.cat\/es\/wp-json\/wp\/v2\/posts\/12645\/revisions"}],"wp:featuredmedia":[{"embeddable":true,"href":"https:\/\/fvo.cat\/es\/wp-json\/wp\/v2\/media\/12640"}],"wp:attachment":[{"href":"https:\/\/fvo.cat\/es\/wp-json\/wp\/v2\/media?parent=12645"}],"curies":[{"name":"wp","href":"https:\/\/api.w.org\/{rel}","templated":true}]}}