{"id":12678,"date":"2023-06-20T12:23:06","date_gmt":"2023-06-20T12:23:06","guid":{"rendered":"https:\/\/fvo.cat\/?p=12678"},"modified":"2023-06-20T12:23:06","modified_gmt":"2023-06-20T12:23:06","slug":"bolsas-de-lona-hechas-al-taller-de-costura-al-centro-ocupacional-el-nuevo-proyecte-deconomia-circular-de-la-fundacion","status":"publish","type":"post","link":"https:\/\/fvo.cat\/es\/bolsas-de-lona-hechas-al-taller-de-costura-al-centro-ocupacional-el-nuevo-proyecte-deconomia-circular-de-la-fundacion\/","title":{"rendered":"Bolsas de lona hechas en el taller de costura del Centro Ocupacional, el nuevo proyecto de econom\u00eda circular de la Fundaci\u00f3n"},"content":{"rendered":"<div id=\"page-container\">\n<div id=\"et-main-area\">\n<div id=\"main-content\">\n<article id=\"post-87\" class=\"post-87 page type-page status-publish hentry\">\n<div class=\"entry-content\">\n<div class=\"et-l et-l--post\">\n<div class=\"et_builder_inner_content et_pb_gutters3\">\n<div id=\"zonatraduccion\" class=\"et_pb_section et_pb_section_1 et_pb_with_background et_section_regular\">\n<div class=\"et_pb_row et_pb_row_0 et_pb_row_fullwidth\">\n<div class=\"et_pb_column et_pb_column_4_4 et_pb_column_0 et_pb_css_mix_blend_mode_passthrough et-last-child\">\n<div class=\"et_pb_module et_pb_tabs et_pb_tabs_0 icon-tabs \">\n<div class=\"et_pb_all_tabs\">\n<div class=\"et_pb_tab et_pb_tab_0 clearfix et_pb_active_content et-pb-active-slide\">\n<div class=\"et_pb_tab_content\">\n<section id=\"iniciotx\" class=\"translator\">\n<form id=\"trad-form\" method=\"post\" target=\"_blank\">\n<div class=\"textboxes\">\n<div class=\"col_b\">\n<div class=\"textbox\">\n<ul>\n<li id=\"contenedor\" class=\"textarea unknown\">El Ayuntamiento de Granollers, a trav\u00e9s de la plataforma GRID- Granollers Recursos Industriales, ha donado las lonetas de publicidad de los Specials Olympics para realizar esta prueba piloto de actividad inclusiva de reciclaje y reutilizaci\u00f3n<\/li>\n<\/ul>\n<p>Un grupo de 40 personas atendidas en el Centro Ocupacional de la Fundaci\u00f3n Vall\u00e8s Oriental, principalmente del grupo de personas envejecidas, han participado de un nuevo proyecto creativo que a trav\u00e9s de la actividad de costura transforma lonas publicitarias, en este caso de la celebraci\u00f3n de los Specials Olympics del pasado 30 y 31 de marzo y 1 y 2 de abril.<\/p>\n<p><img loading=\"lazy\" decoding=\"async\" class=\"alignleft wp-image-12663 size-medium\" src=\"https:\/\/fvo.cat\/wp-content\/uploads\/2023\/07\/Imagen-de-WhatsApp-2023-06-02-a-las-12.16.04-225x300.jpg\" alt=\"\" width=\"225\" height=\"300\" \/>En cada bolsa se ha dedicado una media de 4 horas y ha permitido la participaci\u00f3n, seg\u00fan las propias capacidades de cada persona, en diferentes partes del proceso como limpiar la lona, hacer el patr\u00f3n, medirla y cortarla, coserla y repasar el acabado final. Un proceso artesanal que estimula la creatividad de la persona generando una sensaci\u00f3n de bienestar, puesto que confiere la capacidad de crear con las propias manos. Para Sonia, una de las artesanas, la actividad de costura la hace crecer en sus capacidades y creatividad \u00abcuando trabajo con la m\u00e1quina de coser me hace estar muy concentrada, puesto que estoy aprendiendo poco a poco, y me hace estar muy contenta cuando lo he acabado y veo lo que ha salido\u00bb.<\/p>\n<p>La buena respuesta de la participaci\u00f3n de los artesanos y artesanas y el gran resultado final de las bolsas hace valorar muy positivamente la actividad y se dar\u00e1 continuidad como actividad terap\u00e9utica del Centro Ocupacional de cara a septiembre de 2023. Adem\u00e1s, para la Fundaci\u00f3n es una actividad circular, que promueve los objetivos de cuidado del medio ambiente institucionales, puesto que promueve el reciclaje y la reutilizaci\u00f3n de material de rechazo para empresas o entidades y que conecta a la fundaci\u00f3n con diferentes entidades p\u00fablicas y privadas de la ciudad.<\/p>\n<p><img loading=\"lazy\" decoding=\"async\" class=\"aligncenter size-full wp-image-12660\" src=\"https:\/\/fvo.cat\/wp-content\/uploads\/2023\/07\/WhatsApp-Image-2023-06-20-at-11.21.15.jpg\" alt=\"\" width=\"2016\" height=\"1134\" \/><\/p>\n<p>Finalmente, hoy mismo una representaci\u00f3n del grupo de los artesanos y artesanas creadoras de estas bolsas ir\u00e1n a la concejal\u00eda de deportes del Ayuntamiento de Granollers para explicar todo el proceso de elaboraci\u00f3n y ofrecer la opci\u00f3n de comprar estas bolsas a los trabajadores y trabajadoras del ente municipal.<\/p>\n<\/div>\n<\/div>\n<\/div>\n<\/form>\n<\/section>\n<\/div>\n<\/div>\n<\/div>\n<\/div>\n<\/div>\n<\/div>\n<\/div>\n<\/div>\n<\/div>\n<\/div>\n<\/article>\n<\/div>\n<\/div>\n<\/div>\n","protected":false},"excerpt":{"rendered":"<p>El Ayuntamiento de Granollers, a trav\u00e9s de la plataforma GRID- Granollers Recursos Industriales, ha donado las lonetas de publicidad de los Specials Olympics para realizar esta prueba piloto de actividad inclusiva de [&hellip;]<\/p>\n","protected":false},"author":2,"featured_media":12667,"comment_status":"open","ping_status":"closed","sticky":false,"template":"","format":"standard","meta":{"_seopress_robots_primary_cat":"","_seopress_titles_title":"","_seopress_titles_desc":"","_seopress_robots_index":"","inline_featured_image":false,"footnotes":""},"class_list":["post-12678","post","type-post","status-publish","format-standard","has-post-thumbnail","hentry"],"_links":{"self":[{"href":"https:\/\/fvo.cat\/es\/wp-json\/wp\/v2\/posts\/12678","targetHints":{"allow":["GET"]}}],"collection":[{"href":"https:\/\/fvo.cat\/es\/wp-json\/wp\/v2\/posts"}],"about":[{"href":"https:\/\/fvo.cat\/es\/wp-json\/wp\/v2\/types\/post"}],"author":[{"embeddable":true,"href":"https:\/\/fvo.cat\/es\/wp-json\/wp\/v2\/users\/2"}],"replies":[{"embeddable":true,"href":"https:\/\/fvo.cat\/es\/wp-json\/wp\/v2\/comments?post=12678"}],"version-history":[{"count":0,"href":"https:\/\/fvo.cat\/es\/wp-json\/wp\/v2\/posts\/12678\/revisions"}],"wp:featuredmedia":[{"embeddable":true,"href":"https:\/\/fvo.cat\/es\/wp-json\/wp\/v2\/media\/12667"}],"wp:attachment":[{"href":"https:\/\/fvo.cat\/es\/wp-json\/wp\/v2\/media?parent=12678"}],"curies":[{"name":"wp","href":"https:\/\/api.w.org\/{rel}","templated":true}]}}