{"id":16612,"date":"2023-10-01T17:32:45","date_gmt":"2023-10-01T15:32:45","guid":{"rendered":"https:\/\/fvo.cat\/?p=16612"},"modified":"2024-05-08T17:33:32","modified_gmt":"2024-05-08T15:33:32","slug":"una-fiesta-de-la-gran-familia-de-la-fundacion-muy-participativa","status":"publish","type":"post","link":"https:\/\/fvo.cat\/es\/una-fiesta-de-la-gran-familia-de-la-fundacion-muy-participativa\/","title":{"rendered":"Una Fiesta de la Gran Familia de la Fundaci\u00f3n muy participativa"},"content":{"rendered":"<div id=\"contenedor\" class=\"textarea unknown\">Domingo 1 de octubre, la Fundaci\u00f3 Vall\u00e8s Oriental celebr\u00f3 una nueva edici\u00f3n de la Fiesta de la Gran Familia de la Fundaci\u00f3n. Una jornada l\u00fadico-festiva que reuni\u00f3 alrededor de 400 personas entre personas atendidas, familias, profesionales y amigos y amigas de la Fundaci\u00f3n.<\/div>\n<div>\u00a0<\/div>\n<div class=\"textarea unknown\">Por la ma\u00f1ana, se organizaron paradites de artesan\u00eda y actividades deportivas como petanca y f\u00fatbol, zumba para todos y todas, un taller de estampaci\u00f3n floral y la primera subasta con las preciosas obres de arte realizadas en los talleres art\u00edsticos de la Fundaci\u00f3n.<\/div>\n<div>\u00a0<\/div>\n<div><img loading=\"lazy\" decoding=\"async\" class=\"aligncenter size-medium wp-image-12894\" src=\"https:\/\/fvo.cat\/wp-content\/uploads\/2024\/05\/1_IMG-20231001-WA0020-169x300.jpg\" sizes=\"auto, (max-width: 169px) 100vw, 169px\" srcset=\"https:\/\/fvo.cat\/wp-content\/uploads\/2024\/05\/1_IMG-20231001-WA0020-169x300.jpg 169w, https:\/\/fvo.cat\/wp-content\/uploads\/2024\/05\/IMG-20231001-WA0020-579x1030.jpg 579w, https:\/\/fvo.cat\/wp-content\/uploads\/2024\/05\/1_IMG-20231001-WA0020-768x1365.jpg 768w, https:\/\/fvo.cat\/wp-content\/uploads\/2024\/05\/1_IMG-20231001-WA0020-864x1536.jpg 864w, https:\/\/fvo.cat\/wp-content\/uploads\/2024\/05\/IMG-20231001-WA0020-844x1500.jpg 844w, https:\/\/fvo.cat\/wp-content\/uploads\/2024\/05\/IMG-20231001-WA0020-397x705.jpg 397w, https:\/\/fvo.cat\/wp-content\/uploads\/2024\/05\/IMG-20231001-WA0020.jpg 900w\" alt=\"\" width=\"169\" height=\"300\" \/><\/div>\n<div>\u00a0<\/div>\n<div><img loading=\"lazy\" decoding=\"async\" class=\"aligncenter size-medium wp-image-12890\" src=\"https:\/\/fvo.cat\/wp-content\/uploads\/2024\/05\/1_IMG-20231001-WA0041-300x225.jpg\" sizes=\"auto, (max-width: 300px) 100vw, 300px\" srcset=\"https:\/\/fvo.cat\/wp-content\/uploads\/2024\/05\/1_IMG-20231001-WA0041-300x225.jpg 300w, https:\/\/fvo.cat\/wp-content\/uploads\/2024\/05\/IMG-20231001-WA0041-1030x773.jpg 1030w, https:\/\/fvo.cat\/wp-content\/uploads\/2024\/05\/1_IMG-20231001-WA0041-768x576.jpg 768w, https:\/\/fvo.cat\/wp-content\/uploads\/2024\/05\/1_IMG-20231001-WA0041-1536x1152.jpg 1536w, https:\/\/fvo.cat\/wp-content\/uploads\/2024\/05\/IMG-20231001-WA0041-1500x1125.jpg 1500w, https:\/\/fvo.cat\/wp-content\/uploads\/2024\/05\/IMG-20231001-WA0041-705x529.jpg 705w, https:\/\/fvo.cat\/wp-content\/uploads\/2024\/05\/IMG-20231001-WA0041.jpg 2048w\" alt=\"\" width=\"300\" height=\"225\" \/><\/div>\n<div>\u00a0<\/div>\n<div class=\"textarea unknown\">A continuaci\u00f3n, el circo de la Compa\u00f1\u00eda Mur nos hizo disfrutar de lo lindo con unos artistazos con muchas Capacidades.<\/div>\n<div>\u00a0<\/div>\n<div class=\"textarea unknown\">Despu\u00e9s de unas palabras de agradecimiento del Presidente del Patronato, la presentaci\u00f3n de la Asociaci\u00f3n de Familias ASDISINT y un reconocimiento a los voluntarios de CaixaBank, restaurante pizzer\u00eda Il Cenaculo de Granollers y el Club de Petanca la Torreta se hizo la tradicional foto de familia que dio paso a la comida, la gran paella en la nave industrial del Centro Especial de Trabajo.<\/div>\n<div>\u00a0<\/div>\n<div>\u00a0<\/div>\n<div><img loading=\"lazy\" decoding=\"async\" class=\"aligncenter wp-image-12898 size-large\" src=\"https:\/\/fvo.cat\/wp-content\/uploads\/2024\/05\/IMG-20231001-WA0061-1030x580.jpg\" sizes=\"auto, (max-width: 1030px) 100vw, 1030px\" srcset=\"https:\/\/fvo.cat\/wp-content\/uploads\/2024\/05\/IMG-20231001-WA0061-1030x580.jpg 1030w, https:\/\/fvo.cat\/wp-content\/uploads\/2024\/05\/1_IMG-20231001-WA0061-300x169.jpg 300w, https:\/\/fvo.cat\/wp-content\/uploads\/2024\/05\/1_IMG-20231001-WA0061-768x432.jpg 768w, https:\/\/fvo.cat\/wp-content\/uploads\/2024\/05\/1_IMG-20231001-WA0061-1536x865.jpg 1536w, https:\/\/fvo.cat\/wp-content\/uploads\/2024\/05\/IMG-20231001-WA0061-1500x845.jpg 1500w, https:\/\/fvo.cat\/wp-content\/uploads\/2024\/05\/IMG-20231001-WA0061-705x397.jpg 705w, https:\/\/fvo.cat\/wp-content\/uploads\/2024\/05\/IMG-20231001-WA0061.jpg 2000w\" alt=\"\" width=\"1030\" height=\"580\" \/><\/div>\n<div>\u00a0<\/div>\n<div>\u00a0<\/div>\n<div class=\"textarea unknown\">Y por la tarde lo qu\u00e9 todos y todas est\u00e1bamos esperando, la actividad MUSICAL EL TALENTO DE LA FUNDACI\u00d3N con la actuaci\u00f3n de el Coro de la Fundaci\u00f3n con el maestro Lluis Casso, que recibe el apoyo del Ayuntamiento de Santa Maria de Palautordera, y una gran sorpresa: Leslie, el cantante de los Sirex, que hizo una actuaci\u00f3n musical s\u00f3lo para nosotros! y no pod\u00edan faltar los ?mojitos? sin alcohol para todo el mundo.<\/div>\n<div class=\"options\"><img loading=\"lazy\" decoding=\"async\" class=\"aligncenter wp-image-12886 size-full\" src=\"https:\/\/fvo.cat\/wp-content\/uploads\/2024\/05\/CORo.png\" sizes=\"auto, (max-width: 594px) 100vw, 594px\" srcset=\"https:\/\/fvo.cat\/wp-content\/uploads\/2024\/05\/CORo.png 594w, https:\/\/fvo.cat\/wp-content\/uploads\/2024\/05\/1_CORo-271x300.png 271w\" alt=\"\" width=\"594\" height=\"657\" \/><\/div>\n","protected":false},"excerpt":{"rendered":"<p>Domingo 1 de octubre, la Fundaci\u00f3 Vall\u00e8s Oriental celebr\u00f3 una nueva edici\u00f3n de la Fiesta de la Gran Familia de la Fundaci\u00f3n. Una jornada l\u00fadico-festiva que reuni\u00f3 alrededor de 400 personas entre [&hellip;]<\/p>\n","protected":false},"author":3,"featured_media":16608,"comment_status":"closed","ping_status":"closed","sticky":false,"template":"","format":"standard","meta":{"_seopress_robots_primary_cat":"","_seopress_titles_title":"","_seopress_titles_desc":"","_seopress_robots_index":"","inline_featured_image":false,"footnotes":""},"class_list":["post-16612","post","type-post","status-publish","format-standard","has-post-thumbnail","hentry"],"_links":{"self":[{"href":"https:\/\/fvo.cat\/es\/wp-json\/wp\/v2\/posts\/16612","targetHints":{"allow":["GET"]}}],"collection":[{"href":"https:\/\/fvo.cat\/es\/wp-json\/wp\/v2\/posts"}],"about":[{"href":"https:\/\/fvo.cat\/es\/wp-json\/wp\/v2\/types\/post"}],"author":[{"embeddable":true,"href":"https:\/\/fvo.cat\/es\/wp-json\/wp\/v2\/users\/3"}],"replies":[{"embeddable":true,"href":"https:\/\/fvo.cat\/es\/wp-json\/wp\/v2\/comments?post=16612"}],"version-history":[{"count":0,"href":"https:\/\/fvo.cat\/es\/wp-json\/wp\/v2\/posts\/16612\/revisions"}],"wp:featuredmedia":[{"embeddable":true,"href":"https:\/\/fvo.cat\/es\/wp-json\/wp\/v2\/media\/16608"}],"wp:attachment":[{"href":"https:\/\/fvo.cat\/es\/wp-json\/wp\/v2\/media?parent=16612"}],"curies":[{"name":"wp","href":"https:\/\/api.w.org\/{rel}","templated":true}]}}