{"id":17015,"date":"2024-07-26T11:55:03","date_gmt":"2024-07-26T09:55:03","guid":{"rendered":"https:\/\/fvo.cat\/?p=17015"},"modified":"2024-07-26T11:55:13","modified_gmt":"2024-07-26T09:55:13","slug":"lega-la-revista-batec-en-su-edicion-mas-veraniega","status":"publish","type":"post","link":"https:\/\/fvo.cat\/es\/lega-la-revista-batec-en-su-edicion-mas-veraniega\/","title":{"rendered":"Llega la revista BATEC en su edici\u00f3n m\u00e1s veraniega"},"content":{"rendered":"<p>Para disfrutar de la mejor lectura este verano, publicamos nuestra <strong>revista digital BATEC<\/strong><\/p>\n<p>En esta edici\u00f3n informamos de:<\/p>\n<ul>\n<li>El \u00e9xito de la <strong>Jornada<\/strong> de acompa\u00f1amiento laboral a<strong> colectivos vulnerables <\/strong><\/li>\n<li>El<strong> fin de curso en Formaci\u00f3n e Inserci\u00f3n <\/strong><\/li>\n<li>La <strong>programaci\u00f3n de verano en el Servicio de Vivienda <\/strong><\/li>\n<li><strong>Art\u00edculos<\/strong> sobre el \u00abTaller de APAPACHOS\u00bb y \u00abEl equipo multidisciplinario de apoyo y la participaci\u00f3n de las familias del CET\u00bb<\/li>\n<li>Una <strong>entrevista<\/strong> a Cristina Delatorre, Directora del Centro Ocupacional, para conocerla un poco mejor<\/li>\n<\/ul>\n<p>Y las \u00faltimas novedades y noticias y una secci\u00f3n de agenda \u00a1para qu\u00e9 no te pierdas nada!<\/p>\n<p>\u00a1Buen verano y buena lectura!<\/p>\n<p><a href=\"https:\/\/fvo.cat\/wp-content\/uploads\/2024\/07\/FUNDACIO-FVO-102-1.pdf\"><img loading=\"lazy\" decoding=\"async\" class=\"wp-image-17014  aligncenter\" src=\"https:\/\/fvo.cat\/wp-content\/uploads\/2024\/07\/portada.jpg\" alt=\"\" width=\"507\" height=\"705\" srcset=\"https:\/\/fvo.cat\/wp-content\/uploads\/2024\/07\/portada.jpg 678w, https:\/\/fvo.cat\/wp-content\/uploads\/2024\/07\/portada-216x300.jpg 216w\" sizes=\"auto, (max-width: 507px) 100vw, 507px\" \/><\/a><\/p>\n","protected":false},"excerpt":{"rendered":"<p>Para disfrutar de la mejor lectura este verano, publicamos nuestra revista digital BATEC En esta edici\u00f3n informamos de: El \u00e9xito de la Jornada de acompa\u00f1amiento laboral a colectivos vulnerables El fin de [&hellip;]<\/p>\n","protected":false},"author":1,"featured_media":17014,"comment_status":"closed","ping_status":"closed","sticky":false,"template":"","format":"standard","meta":{"_seopress_robots_primary_cat":"","_seopress_titles_title":"","_seopress_titles_desc":"","_seopress_robots_index":"","inline_featured_image":false,"footnotes":""},"class_list":["post-17015","post","type-post","status-publish","format-standard","has-post-thumbnail","hentry"],"_links":{"self":[{"href":"https:\/\/fvo.cat\/es\/wp-json\/wp\/v2\/posts\/17015","targetHints":{"allow":["GET"]}}],"collection":[{"href":"https:\/\/fvo.cat\/es\/wp-json\/wp\/v2\/posts"}],"about":[{"href":"https:\/\/fvo.cat\/es\/wp-json\/wp\/v2\/types\/post"}],"author":[{"embeddable":true,"href":"https:\/\/fvo.cat\/es\/wp-json\/wp\/v2\/users\/1"}],"replies":[{"embeddable":true,"href":"https:\/\/fvo.cat\/es\/wp-json\/wp\/v2\/comments?post=17015"}],"version-history":[{"count":0,"href":"https:\/\/fvo.cat\/es\/wp-json\/wp\/v2\/posts\/17015\/revisions"}],"wp:featuredmedia":[{"embeddable":true,"href":"https:\/\/fvo.cat\/es\/wp-json\/wp\/v2\/media\/17014"}],"wp:attachment":[{"href":"https:\/\/fvo.cat\/es\/wp-json\/wp\/v2\/media?parent=17015"}],"curies":[{"name":"wp","href":"https:\/\/api.w.org\/{rel}","templated":true}]}}