{"id":17184,"date":"2024-10-10T16:43:34","date_gmt":"2024-10-10T14:43:34","guid":{"rendered":"https:\/\/fvo.cat\/?p=17184"},"modified":"2024-10-21T16:48:07","modified_gmt":"2024-10-21T14:48:07","slug":"os-invitamos-a-la-fiesta-de-la-gran-familia-de-la-fundacion","status":"publish","type":"post","link":"https:\/\/fvo.cat\/es\/os-invitamos-a-la-fiesta-de-la-gran-familia-de-la-fundacion\/","title":{"rendered":"Os invitamos a la Fiesta de la Gran Familia de la Fundaci\u00f3n"},"content":{"rendered":"<p><strong>Os invitamos a la pr\u00f3xima Fiesta de la Gran Familia de la Fundaci\u00f3n<\/strong><\/p>\n<p>que se celebrar\u00e1 el <strong>domingo 27 de Octubre<\/strong> a partir de las 10:30 de la ma\u00f1ana<\/p>\n<p>en la sede de la Fundaci\u00f3n (ctra Valldoriolf s\/n \u2013 La Roca del Vall\u00e8s)<\/p>\n<p>La Fiesta tendr\u00e1 el siguiente programa:<\/p>\n<p>10:30h Llegada de las familias y bienvenida<\/p>\n<p>11:00h Actividades deportivas y l\u00fadicas (puestos, f\u00fatbol, baloncesto, petanca, \u201cphotocall\u201d, actividades art\u00edsticas, baile en l\u00ednea&#8230;) y espacios de calma y descanso<\/p>\n<p>12:30h Actuaci\u00f3n de Payasos Sin Fronteras<\/p>\n<p>13:30h Gran Foto de familia<\/p>\n<p>14:00h Comida de hermandad: Paella<\/p>\n<p>16:00h Actuaci\u00f3n del Coro de la Fundaci\u00f3n y mucho baile con nuestro DJ<\/p>\n<p>Adem\u00e1s, la <strong>Asociaci\u00f3n de Familias ASDISINT<\/strong> explicar\u00e1 su labor y sus objetivos<\/p>\n<p>y os dar\u00e1 informaci\u00f3n sobre c\u00f3mo haceros familias socias.<\/p>\n<p>Como cada a\u00f1o, las familias pod\u00e9is solicitar <strong>plaza de transporte gratuito<\/strong> de Granollers a La Roca.<\/p>\n<p>El transporte saldr\u00e1 de la estaci\u00f3n de autobuses de Granollers a las 10h de la ma\u00f1ana<\/p>\n<p>y regresar\u00e1 a las 18h de la tarde.<\/p>\n<p>Poneos en contacto con vuestra trabajadora social del servicio.<\/p>\n<p>Y ya pod\u00e9is pasar a <strong>comprar los tickets de la paella<\/strong><\/p>\n<p>en las recepciones del Centro Ocupacional y de la Residencia.<\/p>\n<p>Precio: 6 euros menores de 10 a\u00f1os y 11 euros adultos.<\/p>\n<p><img loading=\"lazy\" decoding=\"async\" class=\"aligncenter wp-image-17183 size-large\" src=\"https:\/\/fvo.cat\/wp-content\/uploads\/2024\/10\/imagen-de-whatsapp-2024-10-21-a-las-163529-8974a694-1024x1024.jpg\" alt=\"\" width=\"1024\" height=\"1024\" srcset=\"https:\/\/fvo.cat\/wp-content\/uploads\/2024\/10\/imagen-de-whatsapp-2024-10-21-a-las-163529-8974a694-1024x1024.jpg 1024w, https:\/\/fvo.cat\/wp-content\/uploads\/2024\/10\/imagen-de-whatsapp-2024-10-21-a-las-163529-8974a694-300x300.jpg 300w, https:\/\/fvo.cat\/wp-content\/uploads\/2024\/10\/imagen-de-whatsapp-2024-10-21-a-las-163529-8974a694-768x768.jpg 768w, https:\/\/fvo.cat\/wp-content\/uploads\/2024\/10\/imagen-de-whatsapp-2024-10-21-a-las-163529-8974a694.jpg 1080w\" sizes=\"auto, (max-width: 1024px) 100vw, 1024px\" \/><\/p>\n<div class=\"single__content tinymce-output\">\n<p>Como siempre, \u00a1vuestra participaci\u00f3n es importante!<\/p>\n<p>\u00a1Ser\u00e1 una gran Fiesta!<\/p>\n<\/div>\n<div class=\"post-navigation\">\u00a0<\/div>\n","protected":false},"excerpt":{"rendered":"<p>Os invitamos a la pr\u00f3xima Fiesta de la Gran Familia de la Fundaci\u00f3n que se celebrar\u00e1 el domingo 27 de Octubre a partir de las 10:30 de la ma\u00f1ana en la sede [&hellip;]<\/p>\n","protected":false},"author":1,"featured_media":17180,"comment_status":"closed","ping_status":"closed","sticky":false,"template":"","format":"standard","meta":{"_seopress_robots_primary_cat":"","_seopress_titles_title":"","_seopress_titles_desc":"","_seopress_robots_index":"","inline_featured_image":false,"footnotes":""},"class_list":["post-17184","post","type-post","status-publish","format-standard","has-post-thumbnail","hentry"],"_links":{"self":[{"href":"https:\/\/fvo.cat\/es\/wp-json\/wp\/v2\/posts\/17184","targetHints":{"allow":["GET"]}}],"collection":[{"href":"https:\/\/fvo.cat\/es\/wp-json\/wp\/v2\/posts"}],"about":[{"href":"https:\/\/fvo.cat\/es\/wp-json\/wp\/v2\/types\/post"}],"author":[{"embeddable":true,"href":"https:\/\/fvo.cat\/es\/wp-json\/wp\/v2\/users\/1"}],"replies":[{"embeddable":true,"href":"https:\/\/fvo.cat\/es\/wp-json\/wp\/v2\/comments?post=17184"}],"version-history":[{"count":0,"href":"https:\/\/fvo.cat\/es\/wp-json\/wp\/v2\/posts\/17184\/revisions"}],"wp:featuredmedia":[{"embeddable":true,"href":"https:\/\/fvo.cat\/es\/wp-json\/wp\/v2\/media\/17180"}],"wp:attachment":[{"href":"https:\/\/fvo.cat\/es\/wp-json\/wp\/v2\/media?parent=17184"}],"curies":[{"name":"wp","href":"https:\/\/api.w.org\/{rel}","templated":true}]}}