{"id":17230,"date":"2024-12-04T20:40:10","date_gmt":"2024-12-04T18:40:10","guid":{"rendered":"https:\/\/fvo.cat\/?p=17230"},"modified":"2024-12-12T20:55:36","modified_gmt":"2024-12-12T18:55:36","slug":"conmemoramos-el-dia-internacional-de-la-persona-con-discapacidad","status":"publish","type":"post","link":"https:\/\/fvo.cat\/es\/conmemoramos-el-dia-internacional-de-la-persona-con-discapacidad\/","title":{"rendered":"Conmemoramos el D\u00eda Internacional de la Persona con disCapacidad"},"content":{"rendered":"<p>El passat martes 3 de Diciembre, en la plaza de la Porxada de Granollers, se lanzaron voces, reivindicaciones y energ\u00eda positiva para celebrar el Dia Internacional de la Persona con disCapacidad. Uno de los moments m\u00e9s destacados de la jornada fue la lectura del manifiesto a cargo del grupo de personas atendidas en el Centro Ocupacional que participa en las actividades de la Casa del Sol, un grupo de envejecimiento activo que no deja de sorprender con su implicaci\u00f3n y vitalidad.<\/p>\n<p><img loading=\"lazy\" decoding=\"async\" class=\"alignnone size-medium wp-image-17229\" src=\"https:\/\/fvo.cat\/wp-content\/uploads\/2024\/12\/8a864b22-5589-4b63-a4a7-8af852821779-300x225.jpg\" alt=\"\" width=\"300\" height=\"225\" srcset=\"https:\/\/fvo.cat\/wp-content\/uploads\/2024\/12\/8a864b22-5589-4b63-a4a7-8af852821779-300x225.jpg 300w, https:\/\/fvo.cat\/wp-content\/uploads\/2024\/12\/8a864b22-5589-4b63-a4a7-8af852821779-1024x768.jpg 1024w, https:\/\/fvo.cat\/wp-content\/uploads\/2024\/12\/8a864b22-5589-4b63-a4a7-8af852821779-768x576.jpg 768w, https:\/\/fvo.cat\/wp-content\/uploads\/2024\/12\/8a864b22-5589-4b63-a4a7-8af852821779-1536x1152.jpg 1536w, https:\/\/fvo.cat\/wp-content\/uploads\/2024\/12\/8a864b22-5589-4b63-a4a7-8af852821779.jpg 2048w\" sizes=\"auto, (max-width: 300px) 100vw, 300px\" \/> <img loading=\"lazy\" decoding=\"async\" class=\"alignnone size-medium wp-image-17226\" src=\"https:\/\/fvo.cat\/wp-content\/uploads\/2024\/12\/img-20241203-120243-1-300x225.jpg\" alt=\"\" width=\"300\" height=\"225\" srcset=\"https:\/\/fvo.cat\/wp-content\/uploads\/2024\/12\/img-20241203-120243-1-300x225.jpg 300w, https:\/\/fvo.cat\/wp-content\/uploads\/2024\/12\/img-20241203-120243-1-1024x768.jpg 1024w, https:\/\/fvo.cat\/wp-content\/uploads\/2024\/12\/img-20241203-120243-1-768x576.jpg 768w, https:\/\/fvo.cat\/wp-content\/uploads\/2024\/12\/img-20241203-120243-1-1536x1152.jpg 1536w, https:\/\/fvo.cat\/wp-content\/uploads\/2024\/12\/img-20241203-120243-1-2048x1536.jpg 2048w\" sizes=\"auto, (max-width: 300px) 100vw, 300px\" \/><\/p>\n<h3><strong>Un manifiesto para reivindicar derechos y visibilizar capacidades<\/strong><\/h3>\n<p>Con orgullo y determinaci\u00f3, las personas participantes hicieron lectura del manifiesto, un llamamiento a favor de la inclusi\u00f3n y la diversidad, destacando lo que aportan a la sociedad:<\/p>\n<p><strong>NOSOTROS APORTAMOS:<\/strong><\/p>\n<ul>\n<li><strong>Capacidades diferentes<\/strong><\/li>\n<li><strong>Nuestra mirada<\/strong><\/li>\n<li><strong>Buena onda<\/strong><\/li>\n<li><strong>Iniciativa<\/strong><\/li>\n<li><strong>Creatividad<\/strong><\/li>\n<li><strong>Alegr\u00eda<\/strong><\/li>\n<li><strong>Esp\u00edritu cr\u00edtico<\/strong><\/li>\n<li><strong>Positivismo<\/strong><\/li>\n<\/ul>\n<p><strong>Y QUEREMOS:<\/strong><\/p>\n<ul>\n<li><strong>Ser escuchados<\/strong><\/li>\n<li><strong>Una ciudad accesible<\/strong><\/li>\n<li><strong>Gobernantes que ampl\u00eden la mirada<\/strong><\/li>\n<li><strong>Una ciudad diversa<\/strong><\/li>\n<li><strong>Un Granollers inclusivo<\/strong><\/li>\n<\/ul>\n<p>En la jornada, que cont\u00f3 con la participaci\u00f3n de diversos grupos de personas atendidas en los centros y servicios de la Fundaci\u00f3n, nos acompa\u00f1\u00f3 el Director General de la Fundaci\u00f3n, Rafel Arderiu, la Alcaldesa de Granollers, Alba Barnusell, y la Concejala de Servicios Sociales, Isabel Llorente. En el manifiesto se traslad\u00f3 la importancia de\u00a0 construir una sociedad que reconozca y valore las muchas capacidades de todas las personas.<\/p>\n<h3><strong>Una jornada de inspiraci\u00f3n y compromiso<\/strong><\/h3>\n<p>La lectura del manifiesto culmin\u00f3 con el mensaje claro y contundente\u00a0 amb el missatge clar i contundent de les persones participants: <strong>\u201cNosotros queremos soluciones y no problemas\u201d<\/strong> , una frase cargada de positivismo y reivindicaci\u00f3n que refleja el esp\u00edritu de la jornada.<\/p>\n<p>\u00a1Seguimos trabajando por una ciudad m\u00e1s accesible, diversa e inclusiva! <strong>#GranollersInclusivo #DerechosDeTodos<\/strong><\/p>\n","protected":false},"excerpt":{"rendered":"<p>El passat martes 3 de Diciembre, en la plaza de la Porxada de Granollers, se lanzaron voces, reivindicaciones y energ\u00eda positiva para celebrar el Dia Internacional de la Persona con disCapacidad. Uno [&hellip;]<\/p>\n","protected":false},"author":1,"featured_media":17226,"comment_status":"closed","ping_status":"closed","sticky":false,"template":"","format":"standard","meta":{"_seopress_robots_primary_cat":"","_seopress_titles_title":"","_seopress_titles_desc":"","_seopress_robots_index":"","inline_featured_image":false,"footnotes":""},"class_list":["post-17230","post","type-post","status-publish","format-standard","has-post-thumbnail","hentry"],"_links":{"self":[{"href":"https:\/\/fvo.cat\/es\/wp-json\/wp\/v2\/posts\/17230","targetHints":{"allow":["GET"]}}],"collection":[{"href":"https:\/\/fvo.cat\/es\/wp-json\/wp\/v2\/posts"}],"about":[{"href":"https:\/\/fvo.cat\/es\/wp-json\/wp\/v2\/types\/post"}],"author":[{"embeddable":true,"href":"https:\/\/fvo.cat\/es\/wp-json\/wp\/v2\/users\/1"}],"replies":[{"embeddable":true,"href":"https:\/\/fvo.cat\/es\/wp-json\/wp\/v2\/comments?post=17230"}],"version-history":[{"count":0,"href":"https:\/\/fvo.cat\/es\/wp-json\/wp\/v2\/posts\/17230\/revisions"}],"wp:featuredmedia":[{"embeddable":true,"href":"https:\/\/fvo.cat\/es\/wp-json\/wp\/v2\/media\/17226"}],"wp:attachment":[{"href":"https:\/\/fvo.cat\/es\/wp-json\/wp\/v2\/media?parent=17230"}],"curies":[{"name":"wp","href":"https:\/\/api.w.org\/{rel}","templated":true}]}}