{"id":5542,"date":"2018-10-22T09:20:59","date_gmt":"2018-10-22T09:20:59","guid":{"rendered":"https:\/\/fvo.cat\/?p=5542"},"modified":"2023-07-04T10:58:58","modified_gmt":"2023-07-04T08:58:58","slug":"publicamos-la-edicion-de-otono-de-la-revista-batec","status":"publish","type":"post","link":"https:\/\/fvo.cat\/es\/publicamos-la-edicion-de-otono-de-la-revista-batec\/","title":{"rendered":"Publicamos la edici\u00f3n de oto\u00f1o de la revista BATEC"},"content":{"rendered":"<p>La Fundaci\u00f3n publica la revista institucional <a href=\"https:\/\/fvo.cat\/wp-content\/uploads\/2018\/10\/BATEC_89-compressed.pdf\">BATEC en su edici\u00f3n n\u00ba 89 de oto\u00f1o<\/a>.<\/p>\n<p>&nbsp;<\/p>\n<p><a href=\"https:\/\/fvo.cat\/wp-content\/uploads\/2018\/10\/BATEC_89-compressed.pdf\"><img loading=\"lazy\" decoding=\"async\" class=\"alignleft size-medium wp-image-5533\" src=\"https:\/\/fvo.cat\/wp-content\/uploads\/2023\/07\/1_Portada-211x300.jpg\" alt=\"\" width=\"211\" height=\"300\" \/><\/a>Esta edici\u00f3n es una de las m\u00e1s divertidas ya que incorporamos el reportaje con muchas fotograf\u00edas de la celebraci\u00f3n de la \u00abFiesta de la Gran Familia de la Fundaci\u00f3n\u00bb y el acto institucional de \u00abEl D\u00eda de la Fundaci\u00f3\u00bb. \u00a1Ver\u00e9is que nos lo pasamos muy bien!<\/p>\n<p>Tambi\u00e9n recogemos una entrevista con el Alcalde de La Roca del Vall\u00e8s, el Sr. Carles Fern\u00e1ndez, el reportaje de cierre del Programa de Vacaciones de Verano de la Casa \u00abEmp\u00faries\u00bb con la presentaci\u00f3n de la nueva secci\u00f3n \u00abLa voz de los profesionales\u00bb con una reflexi\u00f3n de Gregorio Martin y Alba Fern\u00e1ndez sobre su experiencia como profesionales voluntarios en la Casa \u00abEmp\u00faries\u00bb\u00a0 y el seguimiento del proyecto de construcci\u00f3n del Centro de Rehabilitaci\u00f3n Funcional en la secci\u00f3n \u00abNuevos Proyectos\u00bb.<\/p>\n<p>Y tambi\u00e9n, las secciones habituales Art\u00edculos, \u00abEn primera persona\u00bb con Salva Ruiz del Centro de Atenci\u00f3n Especializada; \u00abEl artista de la FVO\u00bb con Sara Jurado del Centro Ocupacional, \u00ab@TIC a la FVO\u00bb, las actividades de las \u00e1reas o la secci\u00f3n de noticias institucionales.<\/p>\n<p>\u00a1Esperamos que os encante su lectura!<\/p>\n","protected":false},"excerpt":{"rendered":"<p>La Fundaci\u00f3n publica la revista institucional BATEC en su edici\u00f3n n\u00ba 89 de oto\u00f1o. &nbsp; Esta edici\u00f3n es una de las m\u00e1s divertidas ya que incorporamos el reportaje con muchas fotograf\u00edas de [&hellip;]<\/p>\n","protected":false},"author":2,"featured_media":5533,"comment_status":"closed","ping_status":"closed","sticky":false,"template":"","format":"standard","meta":{"_seopress_robots_primary_cat":"","_seopress_titles_title":"","_seopress_titles_desc":"","_seopress_robots_index":"","inline_featured_image":false,"footnotes":""},"class_list":["post-5542","post","type-post","status-publish","format-standard","has-post-thumbnail","hentry"],"_links":{"self":[{"href":"https:\/\/fvo.cat\/es\/wp-json\/wp\/v2\/posts\/5542","targetHints":{"allow":["GET"]}}],"collection":[{"href":"https:\/\/fvo.cat\/es\/wp-json\/wp\/v2\/posts"}],"about":[{"href":"https:\/\/fvo.cat\/es\/wp-json\/wp\/v2\/types\/post"}],"author":[{"embeddable":true,"href":"https:\/\/fvo.cat\/es\/wp-json\/wp\/v2\/users\/2"}],"replies":[{"embeddable":true,"href":"https:\/\/fvo.cat\/es\/wp-json\/wp\/v2\/comments?post=5542"}],"version-history":[{"count":0,"href":"https:\/\/fvo.cat\/es\/wp-json\/wp\/v2\/posts\/5542\/revisions"}],"wp:featuredmedia":[{"embeddable":true,"href":"https:\/\/fvo.cat\/es\/wp-json\/wp\/v2\/media\/5533"}],"wp:attachment":[{"href":"https:\/\/fvo.cat\/es\/wp-json\/wp\/v2\/media?parent=5542"}],"curies":[{"name":"wp","href":"https:\/\/api.w.org\/{rel}","templated":true}]}}