{"id":6231,"date":"2018-11-23T16:11:21","date_gmt":"2018-11-23T14:11:21","guid":{"rendered":"https:\/\/fvo.cat\/?p=6231"},"modified":"2023-07-04T10:56:07","modified_gmt":"2023-07-04T08:56:07","slug":"el-govern-se-compromete-a-impulsar-un-nuevo-modelo-de-accion-concertada-para-la-gestion-de-servicios-de-atencion-a-las-personas-a-partir-de-las-propuestas-del-tercer-sector","status":"publish","type":"post","link":"https:\/\/fvo.cat\/es\/el-govern-se-compromete-a-impulsar-un-nuevo-modelo-de-accion-concertada-para-la-gestion-de-servicios-de-atencion-a-las-personas-a-partir-de-las-propuestas-del-tercer-sector\/","title":{"rendered":"El Govern se compromete a impulsar un nuevo modelo de acci\u00f3n concertada para la gesti\u00f3n de servicios de atenci\u00f3n a las personas a partir de las propuestas del Tercer Sector"},"content":{"rendered":"<p><em>El 22 de noviembre, en el marco de la conclusi\u00f3n del VI Congreso del Tercer Sector Social de Catalu\u00f1a, <strong>el conseller Chakir el Homrani ha anunciado que el Gobierno de la Generalitat de Catalunya iniciar\u00e1 la redacci\u00f3n de una ley de acci\u00f3n concertada por la provisi\u00f3n de servicios p\u00fablicos de atenci\u00f3n a las personas<\/strong> a partir de la propuesta legislativa impulsada por la Confederaci\u00f3n Empresarial del Tercer Sector Social de Catalu\u00f1a, con el apoyo de la Mesa de entidades del Tercer Sector Social.<\/em><\/p>\n<p>La Confederaci\u00f3n celebra este compromiso, puesto que es la c<strong>oncreci\u00f3n de la voluntad pol\u00edtica reclamada por el sector<\/strong> desde hace tiempo y representa un muy buen punto de partida para desarrollar conjuntamente el contenido de este nuevo r\u00e9gimen de colaboraci\u00f3n p\u00fablico-social.<\/p>\n<p>La propuesta que est\u00e1 liderando La Confederaci\u00f3n en representaci\u00f3n del conjunto del sector implica asumir las recomendaciones de las Directivas Europeas y de la propia ley de contratos del Estado para excluir los servicios de atenci\u00f3n a las personas de las l\u00f3gicas de la contrataci\u00f3n p\u00fablica, que han comportado una constante devaluaci\u00f3n de los servicios tanto en t\u00e9rminos de calidad como de sostenibilidad. Esta exclusi\u00f3n viene justificada por el derecho comunitario atendiendo a las caracter\u00edsticas especiales de esta tipolog\u00eda de servicios y a la vulnerabilidad de los colectivos a quienes se dirigen. La propuesta plantea que en el nuevo modelo el Tercer Sector Social sea el aliado estrat\u00e9gico de las administraciones p\u00fablicas y, por lo tanto, que la acci\u00f3n concertada quede reservada a operadores sin af\u00e1n de lucro que garanticen el inter\u00e9s general.<\/p>\n<p>En esta l\u00ednea, el conseller el Homrani ha manifestado que esta nueva ley tiene que \u00abpromocionar la calidad del servicio, la profesionalidad y la proximidad y evitar la especulaci\u00f3n en la atenci\u00f3n de las personas\u00bb. Tambi\u00e9n ha apuntado que se est\u00e1 trabajando en un sello de Empresa Social que ser\u00e1 clave para \u00abpropiciar modelos no mercantilizados\u00bb y que establecer\u00e1 los requisitos a cumplir por parte de las organizaciones para acceder tanto a la acci\u00f3n concertada como la contrataci\u00f3n p\u00fablica, con el objetivo de garantizar la calidad de la atenci\u00f3n a las personas y asegurar la eficiencia y el m\u00e1ximo regreso social de los recursos p\u00fablicos.<\/p>\n<p><strong>Joan Segarra, presidente de La Confederaci\u00f3n, ha valorado muy positivamente este paso adelante del Govern y se ha puesto a disposici\u00f3n del Conseller para empezar a trabajar el contenido de una ley que sin duda representar\u00e1 un cambio radical en el sistema de servicios sociales y de atenci\u00f3n a las personas de nuestro pa\u00eds.<\/strong><\/p>\n<p>Font: www.aeesdincat.cat i\u00a0https:\/\/www.laconfederacio.org\/<\/p>\n","protected":false},"excerpt":{"rendered":"<p>El 22 de noviembre, en el marco de la conclusi\u00f3n del VI Congreso del Tercer Sector Social de Catalu\u00f1a, el conseller Chakir el Homrani ha anunciado que el Gobierno de la Generalitat [&hellip;]<\/p>\n","protected":false},"author":2,"featured_media":6251,"comment_status":"closed","ping_status":"closed","sticky":false,"template":"","format":"standard","meta":{"_seopress_robots_primary_cat":"","_seopress_titles_title":"","_seopress_titles_desc":"","_seopress_robots_index":"","inline_featured_image":false,"footnotes":""},"class_list":["post-6231","post","type-post","status-publish","format-standard","has-post-thumbnail","hentry"],"_links":{"self":[{"href":"https:\/\/fvo.cat\/es\/wp-json\/wp\/v2\/posts\/6231","targetHints":{"allow":["GET"]}}],"collection":[{"href":"https:\/\/fvo.cat\/es\/wp-json\/wp\/v2\/posts"}],"about":[{"href":"https:\/\/fvo.cat\/es\/wp-json\/wp\/v2\/types\/post"}],"author":[{"embeddable":true,"href":"https:\/\/fvo.cat\/es\/wp-json\/wp\/v2\/users\/2"}],"replies":[{"embeddable":true,"href":"https:\/\/fvo.cat\/es\/wp-json\/wp\/v2\/comments?post=6231"}],"version-history":[{"count":0,"href":"https:\/\/fvo.cat\/es\/wp-json\/wp\/v2\/posts\/6231\/revisions"}],"wp:featuredmedia":[{"embeddable":true,"href":"https:\/\/fvo.cat\/es\/wp-json\/wp\/v2\/media\/6251"}],"wp:attachment":[{"href":"https:\/\/fvo.cat\/es\/wp-json\/wp\/v2\/media?parent=6231"}],"curies":[{"name":"wp","href":"https:\/\/api.w.org\/{rel}","templated":true}]}}