{"id":6240,"date":"2018-11-21T16:19:49","date_gmt":"2018-11-21T14:19:49","guid":{"rendered":"https:\/\/fvo.cat\/?p=6240"},"modified":"2023-07-04T10:58:05","modified_gmt":"2023-07-04T08:58:05","slug":"visita-de-colaboracion-a-la-fundacio-privada-valles-oriental-organizacion-adherida-a-los-acuerdos-voluntarios","status":"publish","type":"post","link":"https:\/\/fvo.cat\/es\/visita-de-colaboracion-a-la-fundacio-privada-valles-oriental-organizacion-adherida-a-los-acuerdos-voluntarios\/","title":{"rendered":"Visita de colaboraci\u00f3n a la Fundaci\u00f3 Privada Vall\u00e8s Oriental, organizaci\u00f3n adherida a los acuerdos voluntarios"},"content":{"rendered":"<p class=\"FW_sEntradeta\">La <a href=\"https:\/\/canviclimatic.gencat.cat\/ca\/detalls\/Noticies\/Visita-FVO\">Oficina Catalana del Canvi Clim\u00e0tic (OCCC)<\/a> visit\u00f3 las instalaciones de la Fundaci\u00f3 Privada Vall\u00e8s Oriental el 9 de octubre de 2018, en el marco del Programa de acuerdos voluntarios para la reducci\u00f3n de emisiones de GEH.<\/p>\n<div id=\"error_version_flash\">El objetivo de estas visitas es establecer un canal de comunicaci\u00f3n directo entre la organizaci\u00f3n y la OCCC para plantear dudas, identificar mejoras y compartir experiencias en la reducci\u00f3n de emisiones de GEH y, a la vez, verificar in situ los datos autodeclarados tanto del inventario como de las medidas implementadas.<\/div>\n<div>\n<p>La Fundaci\u00f3n Privada Vall\u00e8s Oriental es una entidad social sin \u00e1nimo de lucro que tiene como objetivo principal la atenci\u00f3n a las personas con discapacidad intelectual en el \u00e1mbito de Catalunya, potenciando su calidad de vida y velando porque lo sus derechos como personas sean respetados. Se encuentra adherida desde el a\u00f1o 2015 al Programa de acuerdos voluntarios para la reducci\u00f3n de emisiones de gases con efecto invernadero. En el inventario de emisiones incluye todos los centros y servicios de la Fundaci\u00f3n: las oficinas de los Servicios Centrales, el Centro Ocupacional, el Centro Especial de Trabajo, la Residencia y el Centro de D\u00eda, y el Servicio de Vivienda.Las emisiones autodeclaradas en el inventario corresponden a las emisiones de alcance 1 vinculadas al consumo de gas natural y gas\u00f3leo de las instalaciones, y el consumo de gasolina y di\u00e9sel de los veh\u00edculos de la flota propia. Las emisiones del alcance 2 son debidas al consumo el\u00e9ctrico y las emisiones del alcance 3 se corresponden a las emisiones vinculadas al tratamiento del agua consumida y al tratamiento de residuos generados por la actividad de la organizaci\u00f3n.<\/p>\n<p>Las emisiones declaradas en el inventario de la Fundaci\u00f3 Privada Vall\u00e8s Oriental en el marco de los acuerdos voluntarios en el 2017 se han reducido un 4% respecto a las emisiones declaradas al 2016 debido a la sustituci\u00f3n de las calderas de gas\u00f3leo por unas nuevas de gas natural y al cambio de comercializadoras el\u00e9ctricas 100% renovables.<\/p>\n<p>Durante la visita se ha podido comprobar la implementaci\u00f3n de las medidas de reducci\u00f3n de emisiones que hasta el momento la Fundaci\u00f3n ha puesto en marcha en el marco del Programa de los acuerdos voluntarios. Las medidas m\u00e1s significativas son:<\/p>\n<\/div>\n<ul>\n<li>Sustituci\u00f3n en algunos despachos de las placas opacas del techo por placas transparentes para permitir la entrada de m\u00e1s luz natural, dando m\u00e1s claridad a los espacios y reduciendo as\u00ed el consumo el\u00e9ctrico<\/li>\n<li>Sustituci\u00f3n de la luminaria de la entrada de la Llar Font Verda (sustituci\u00f3n de bombillas normales por 6 aplique de leds)<\/li>\n<li>Cambio de comercializadora de electricidad convencional por una comercializadora verde de energ\u00eda 100% renovable<\/li>\n<li>Sustituci\u00f3n de fluorescentes y bombillas existentes por dispositivos de bajo consumo en la Llar Jaume Anfruns<\/li>\n<li>Sustituci\u00f3n de fluorescentes y bombillas existentes por dispositivos de bajo consumo en el \u00c1rea de Atenci\u00f3n Diurna (Centre Especial de Trabajo, CO y Servicios Centrales)<\/li>\n<li>Mejorar el comportamiento ambiental suprimiendo el consumo de gas\u00f3leo mediante la sustituci\u00f3n de la caldera por una de gas natural<\/li>\n<\/ul>\n<p>Hay que agradecer a la organizaci\u00f3n y en especial Joan Carod, Jefe de mantenimiento y obras, y Pilar Canton, t\u00e9cnica de calidad de la Fundaci\u00f3n, por su colaboraci\u00f3n. La visita ha sido muy enriquecedora para el desarrollo de nuestro trabajo, dado que nos ha permitido conocer de primera mano las instalaciones de la Fundaci\u00f3n y los detalles de las medidas implementadas. Adem\u00e1s, hemos podido interactuar directamente con las personas de la organizaci\u00f3n y conocer sus opiniones para mejorar el Programa.<\/p>\n<div class=\"FW_sArticleFoto\">\n<div class=\"FW_sEditPro\">\n<p>Fuente:\u00a0https:\/\/canviclimatic.gencat.cat\/ca\/detalls\/Noticies\/Visita-FVO<\/p>\n<\/div>\n<\/div>\n","protected":false},"excerpt":{"rendered":"<p>La Oficina Catalana del Canvi Clim\u00e0tic (OCCC) visit\u00f3 las instalaciones de la Fundaci\u00f3 Privada Vall\u00e8s Oriental el 9 de octubre de 2018, en el marco del Programa de acuerdos voluntarios para la [&hellip;]<\/p>\n","protected":false},"author":2,"featured_media":6248,"comment_status":"closed","ping_status":"closed","sticky":false,"template":"","format":"standard","meta":{"_seopress_robots_primary_cat":"","_seopress_titles_title":"","_seopress_titles_desc":"","_seopress_robots_index":"","inline_featured_image":false,"footnotes":""},"class_list":["post-6240","post","type-post","status-publish","format-standard","has-post-thumbnail","hentry"],"_links":{"self":[{"href":"https:\/\/fvo.cat\/es\/wp-json\/wp\/v2\/posts\/6240","targetHints":{"allow":["GET"]}}],"collection":[{"href":"https:\/\/fvo.cat\/es\/wp-json\/wp\/v2\/posts"}],"about":[{"href":"https:\/\/fvo.cat\/es\/wp-json\/wp\/v2\/types\/post"}],"author":[{"embeddable":true,"href":"https:\/\/fvo.cat\/es\/wp-json\/wp\/v2\/users\/2"}],"replies":[{"embeddable":true,"href":"https:\/\/fvo.cat\/es\/wp-json\/wp\/v2\/comments?post=6240"}],"version-history":[{"count":0,"href":"https:\/\/fvo.cat\/es\/wp-json\/wp\/v2\/posts\/6240\/revisions"}],"wp:featuredmedia":[{"embeddable":true,"href":"https:\/\/fvo.cat\/es\/wp-json\/wp\/v2\/media\/6248"}],"wp:attachment":[{"href":"https:\/\/fvo.cat\/es\/wp-json\/wp\/v2\/media?parent=6240"}],"curies":[{"name":"wp","href":"https:\/\/api.w.org\/{rel}","templated":true}]}}