{"id":6694,"date":"2018-12-04T11:22:34","date_gmt":"2018-12-04T09:22:34","guid":{"rendered":"https:\/\/fvo.cat\/?p=6694"},"modified":"2023-07-04T10:51:32","modified_gmt":"2023-07-04T08:51:32","slug":"la-finca-de-la-torreta-ja-esta-desocupada-i-la-casa-enderrocada","status":"publish","type":"post","link":"https:\/\/fvo.cat\/es\/la-finca-de-la-torreta-ja-esta-desocupada-i-la-casa-enderrocada\/","title":{"rendered":"La finca de La Torreta ja est\u00e0 desocupada i la casa enderrocada"},"content":{"rendered":"<p>El passat divendres 30 de novembre, el jutjat va llan\u00e7ar l&#8217;ordre de desocupaci\u00f3 de la finca en La Torreta propietat de la Fundaci\u00f3. Una comitiva judicial, acompanyada de diverses dotacions de Mossos d&#8217;Esquadra i diversoso membres del Patronat, va ordenar el desnonament de les persones que ocupaven de manera il\u00b7legal la finca i tot seguit es va procedir al seu enderrocament per evitar noves entrades il\u00b7legals que posen en risc la pr\u00f2pia integritat dels seus ocupants donat l&#8217;estat de l&#8217;edifici.<\/p>\n<p>Gr\u00e0cies a la Llei 5\/2018, d&#8217;11 de juny, de modificaci\u00f3 de la Llei 1\/2000, de 7 de gener, d&#8217;Enjudiciament Civil, en relaci\u00f3 a l&#8217;ocupaci\u00f3 il\u00b7legal d&#8217;habitatges, en ser la Fundaci\u00f3 una entitat sense \u00e0nim de lucre dedicada a l&#8217;atenci\u00f3 de les persones amb discapacitat el proc\u00e9s s&#8217;ha pogut accelerar i en uns mesos s&#8217;ha resolt positivament per a la instituci\u00f3, i les persones que esperen el futur centre de llar resid\u00e8ncia, la situaci\u00f3 d&#8217;ocupaci\u00f3 il\u00b7legal.<\/p>\n<p>&nbsp;<\/p>\n<p><img loading=\"lazy\" decoding=\"async\" class=\"aligncenter wp-image-6699 size-large\" src=\"https:\/\/fvo.cat\/wp-content\/uploads\/2023\/07\/A2018-11-30-12.23.44-1030x579.jpg\" alt=\"\" width=\"1030\" height=\"579\" \/><\/p>\n<p><img loading=\"lazy\" decoding=\"async\" class=\"aligncenter wp-image-6691 \" src=\"https:\/\/fvo.cat\/wp-content\/uploads\/2023\/07\/WEB2018-11-30-13.08.04.jpg\" alt=\"\" width=\"732\" height=\"412\" \/><\/p>\n<p>&nbsp;<\/p>\n","protected":false},"excerpt":{"rendered":"<p>El passat divendres 30 de novembre, el jutjat va llan\u00e7ar l&#8217;ordre de desocupaci\u00f3 de la finca en La Torreta propietat de la Fundaci\u00f3. Una comitiva judicial, acompanyada de diverses dotacions de Mossos [&hellip;]<\/p>\n","protected":false},"author":2,"featured_media":6698,"comment_status":"closed","ping_status":"closed","sticky":false,"template":"","format":"standard","meta":{"_seopress_robots_primary_cat":"","_seopress_titles_title":"","_seopress_titles_desc":"","_seopress_robots_index":"","inline_featured_image":false,"footnotes":""},"class_list":["post-6694","post","type-post","status-publish","format-standard","has-post-thumbnail","hentry"],"_links":{"self":[{"href":"https:\/\/fvo.cat\/es\/wp-json\/wp\/v2\/posts\/6694","targetHints":{"allow":["GET"]}}],"collection":[{"href":"https:\/\/fvo.cat\/es\/wp-json\/wp\/v2\/posts"}],"about":[{"href":"https:\/\/fvo.cat\/es\/wp-json\/wp\/v2\/types\/post"}],"author":[{"embeddable":true,"href":"https:\/\/fvo.cat\/es\/wp-json\/wp\/v2\/users\/2"}],"replies":[{"embeddable":true,"href":"https:\/\/fvo.cat\/es\/wp-json\/wp\/v2\/comments?post=6694"}],"version-history":[{"count":0,"href":"https:\/\/fvo.cat\/es\/wp-json\/wp\/v2\/posts\/6694\/revisions"}],"wp:featuredmedia":[{"embeddable":true,"href":"https:\/\/fvo.cat\/es\/wp-json\/wp\/v2\/media\/6698"}],"wp:attachment":[{"href":"https:\/\/fvo.cat\/es\/wp-json\/wp\/v2\/media?parent=6694"}],"curies":[{"name":"wp","href":"https:\/\/api.w.org\/{rel}","templated":true}]}}