{"id":6747,"date":"2019-01-28T10:41:24","date_gmt":"2019-01-28T08:41:24","guid":{"rendered":"https:\/\/fvo.cat\/?p=6747"},"modified":"2023-07-04T10:49:53","modified_gmt":"2023-07-04T08:49:53","slug":"trabajo-asuntos-sociales-y-familias-incrementa-en-75me-los-fondos-propios-destinados-a-los-cet-por-el-aumento-del-salario-minimo","status":"publish","type":"post","link":"https:\/\/fvo.cat\/es\/trabajo-asuntos-sociales-y-familias-incrementa-en-75me-los-fondos-propios-destinados-a-los-cet-por-el-aumento-del-salario-minimo\/","title":{"rendered":"Trabajo ayudar\u00e1 a los centros especiales a raiz del aumento del salario m\u00ednimo"},"content":{"rendered":"<div>\n<div>\n<p>El Departamento de Trabajo de la Generalitat de Catalunya complementar\u00e1 la subvenci\u00f3n a las entidades que gestionan centros de empleo especiales, destinadas a proporcionar oportunidades profesionales a las personas con discapacidades, para que puedan afrontar el aumento del salario m\u00ednimo interprofesional que ha acordado al Gobierno espa\u00f1ol, seg\u00fan declaraciones del Secretario General del Departamento de Trabajo, asuntos sociales y familia, Josep Ginesta, en la edici\u00f3n de \u00abEl9Nou \u00bb del viernes 25 de enero 2019.<\/p>\n<\/div>\n<\/div>\n<div class=\"premsa-gencat-article-body\">\n<div class=\"bloc-body\">\n<div>\u00a0<\/div>\n<\/div>\n<\/div>\n","protected":false},"excerpt":{"rendered":"<p>El Departamento de Trabajo de la Generalitat de Catalunya complementar\u00e1 la subvenci\u00f3n a las entidades que gestionan centros de empleo especiales, destinadas a proporcionar oportunidades profesionales a las personas con discapacidades, para [&hellip;]<\/p>\n","protected":false},"author":2,"featured_media":6742,"comment_status":"closed","ping_status":"closed","sticky":false,"template":"","format":"standard","meta":{"_seopress_robots_primary_cat":"","_seopress_titles_title":"","_seopress_titles_desc":"","_seopress_robots_index":"","inline_featured_image":false,"footnotes":""},"class_list":["post-6747","post","type-post","status-publish","format-standard","has-post-thumbnail","hentry"],"_links":{"self":[{"href":"https:\/\/fvo.cat\/es\/wp-json\/wp\/v2\/posts\/6747","targetHints":{"allow":["GET"]}}],"collection":[{"href":"https:\/\/fvo.cat\/es\/wp-json\/wp\/v2\/posts"}],"about":[{"href":"https:\/\/fvo.cat\/es\/wp-json\/wp\/v2\/types\/post"}],"author":[{"embeddable":true,"href":"https:\/\/fvo.cat\/es\/wp-json\/wp\/v2\/users\/2"}],"replies":[{"embeddable":true,"href":"https:\/\/fvo.cat\/es\/wp-json\/wp\/v2\/comments?post=6747"}],"version-history":[{"count":0,"href":"https:\/\/fvo.cat\/es\/wp-json\/wp\/v2\/posts\/6747\/revisions"}],"wp:featuredmedia":[{"embeddable":true,"href":"https:\/\/fvo.cat\/es\/wp-json\/wp\/v2\/media\/6742"}],"wp:attachment":[{"href":"https:\/\/fvo.cat\/es\/wp-json\/wp\/v2\/media?parent=6747"}],"curies":[{"name":"wp","href":"https:\/\/api.w.org\/{rel}","templated":true}]}}