{"id":7333,"date":"2019-03-28T12:36:24","date_gmt":"2019-03-28T10:36:24","guid":{"rendered":"https:\/\/fvo.cat\/?p=7333"},"modified":"2023-07-04T10:45:11","modified_gmt":"2023-07-04T08:45:11","slug":"el-tercer-sector-social-reclama-medidas-urgentes-para-actualizar-las-tarifas-de-los-servicios-congeladas-desde-hace-10-anos","status":"publish","type":"post","link":"https:\/\/fvo.cat\/es\/el-tercer-sector-social-reclama-medidas-urgentes-para-actualizar-las-tarifas-de-los-servicios-congeladas-desde-hace-10-anos\/","title":{"rendered":"El Tercer Sector Social reclama medidas urgentes para actualizar las tarifas de los servicios, congeladas desde hace 10 a\u00f1os"},"content":{"rendered":"<ul>\n<li>La Confederaci\u00f3 pide al Gobierno la memoria econ\u00f3mica\u00a0de\u00a0todas las prestaciones de la Cartera de servicios sociales y estudia\u00a0acciones legales para denunciar casos de servicios p\u00fablicos deficitarios<\/li>\n<li>Las entidades han asumido incrementos de costes no repercutidos en los precios que paga la Administraci\u00f3n, con irregularidades y retrasos en los pagos de hasta 180 d\u00edas<\/li>\n<\/ul>\n<p><img loading=\"lazy\" decoding=\"async\" class=\"aligncenter wp-image-7328 size-large\" src=\"https:\/\/fvo.cat\/wp-content\/uploads\/2023\/07\/RdP_1-1030x581.jpg\" alt=\"\" width=\"1030\" height=\"581\" \/><\/p>\n<p>\u00abLas entidades sociales est\u00e1n en una situaci\u00f3n muy compleja,\u00a0asumiendo una sobrecarga insostenible por <strong>la infrafinanciaci\u00f3n cr\u00f3nica de los servicios y la congelaci\u00f3n de tarifas desde hace 10 a\u00f1os<\/strong>\u00ab. As\u00ed lo ha afirmado el presidente de\u00a0<a href=\"https:\/\/www.laconfederacio.org\/\">La Confederaci\u00f3 Empresarial del Tercer Sector Social de Catalunya<\/a>, <strong>Joan Segarra<\/strong>, hoy en rueda de prensa. Esta situaci\u00f3n no es resultado de la acci\u00f3n de un \u00fanico Gobierno y la demanda de un <strong>plan de recuperaci\u00f3n y mejora de la financiaci\u00f3n <\/strong>se dirige tambi\u00e9n al conjunto del Parlamento y a todos los grupos pol\u00edticos: \u00abNecesitamos un <strong>pacto de pa\u00eds que garantice la calidad de la atenci\u00f3n <\/strong>a las personas, la <strong>sostenibilidad de los servicios<\/strong> y la <strong>mejora de las condiciones laborales <\/strong>de los profesionales\u00bb.<\/p>\n<p>Los d\u00e9ficits que acumula el Tercer Sector Social son <strong>fruto de la crisis econ\u00f3mica, los recortes y la contenci\u00f3n presupuestaria<\/strong> de los \u00faltimos a\u00f1os, mientras en paralelo aumentaban las demandas y necesidades sociales que las entidades no han dejado de atender. En el caso de las prestaciones que conforman la Cartera de servicios sociales, La Confederaci\u00f3 subraya que es la Administraci\u00f3n qui\u00e9n las tiene que financiar al 100%, puesto que se trata de <strong>servicios de titularidad p\u00fablica que tienen que garantizar la cobertura de derechos sociales<\/strong>. En los \u00faltimos 10 a\u00f1os, la financiaci\u00f3n p\u00fablica no ha incorporado<strong> los incrementos de costes que inevitablemente han tenido que asumir las entidades<\/strong>: entre otros, el IPC (15,9% acumulado 2008-2018), el IVA (cinco puntos) y los incrementos salariales (6,58% de media) vinculados a los convenios colectivos.<\/p>\n<p><strong>El impacto de la infrafinanciaci\u00f3n es manifiesto en todos los \u00e1mbitos<\/strong> &#8211;infancia, acci\u00f3n social con colectivos en riesgo de exclusi\u00f3n, ocio educativo y sociocultural, atenci\u00f3n domiciliaria, discapacidad f\u00edsica e intelectual, la salud mental, gente mayor, etc&#8211; y el malestar es generalizado entre las organizaciones y los profesionales. <strong>Joan Muntan\u00e9<\/strong>, representando del \u00e1mbito de infancia y acci\u00f3n social, ha atribuido el <strong>conflicto en la negociaci\u00f3n del convenio laboral<\/strong> a la incapacidad de las entidades de asumir nuevos incrementos salariales: \u00ab<strong>Estamos al l\u00edmite<\/strong>. Lo que nos piden los sindicatos es l\u00edcito y lo compartimos, pero si la Administraci\u00f3n no repercute las subidas en los precios que paga por los servicios, <strong>nuestra capacidad negociadora es nula<\/strong>\u00ab.<\/p>\n<p>En nombre de las de entidades de discapacidad, salud mental y atenci\u00f3n precoz, <strong>Am\u00e8lia Clara<\/strong> ha desgranado el caso del Servicio de Ocupaci\u00f3n para la Inserci\u00f3n, destinado a personas con discapacidad intelectual cuando acaban la etapa escolar. \u00abLas entidades tienen que <strong>aportar una media de 1.000 euros al a\u00f1o para cubrir el salario<\/strong> de cada profesional dedicado a este servicio. No nos podemos negar porqu\u00e9 <strong>atender las necesidades de la poblaci\u00f3n vulnerable es nuestra raz\u00f3n de ser<\/strong> y son servicios p\u00fablicos, pero la infrafinanciaci\u00f3n comporta un empobrecimiento de las entidades, mucha presi\u00f3n asistencial y sobrecarga profesional\u00bb. En el caso de los Centros de Desarrollo Infantil y Atenci\u00f3n Precoz (CDIAP), el precio por ni\u00f1o y hora est\u00e1 congelado desde 2009 (33,47\u20ac) y <strong>la demanda en los \u00faltimos diez a\u00f1os se ha incrementado en un 45%<\/strong> (de 28.527 a 41.448 personas atendidas).<\/p>\n<p>La detecci\u00f3n de<strong> servicios p\u00fablicos deficitarios, en que el precio no cubre los costes<\/strong>, ha tra\u00eddo La Confederaci\u00f3 a reclamar mediante instancia escrita al Departamento de Trabajo, Asuntos Sociales y Familias la <strong>memoria econ\u00f3mica de todos los servicios de la Cartera de Servicios Sociales con el objetivo de analizar los precios<\/strong> y determinar si la dotaci\u00f3n presupuestaria es suficiente teniendo en cuenta los requerimientos t\u00e9cnicos a que obliga la ley. Adem\u00e1s, se ha empezado a articular una <strong>campa\u00f1a de reclamaci\u00f3n de intereses de demora<\/strong> por los retrasos en los pagos &#8211;que se hacen de manera normalizada a 60 d\u00edas en lugar de los 30 que establece la ley, y en algunos casos llegan a 180 d\u00edas&#8211;<strong> y se estudian acciones legales para denunciar los casos de servicios p\u00fablicos deficitarios.<\/strong><\/p>\n<p>En relaci\u00f3n al nuevo modelo de colaboraci\u00f3n p\u00fablico-social que reclama el sector, La Confederaci\u00f3n pide <strong>celeridad en la elaboraci\u00f3n de la ley de concertaci\u00f3n social<\/strong> que el Gobierno se ha comprometido a impulsar, que tiene que ir necesariamente acompa\u00f1ada de un plan de mejora de la financiaci\u00f3n. \u00abConfiamos que acabar\u00e1 con las <strong>din\u00e1micas perversas de la contrataci\u00f3n p\u00fablica<\/strong> y que permitir\u00e1 expulsar multinacionales, fondos de inversi\u00f3n, fondos buitre y otros que venden a hacer negocio con la gesti\u00f3n de servicios sociales y de atenci\u00f3n a las personas\u00bb, ha concluido <strong>Joan Segarra<\/strong>.<\/p>\n<p>Font: laconfederacio.org<\/p>\n","protected":false},"excerpt":{"rendered":"<p>La Confederaci\u00f3 pide al Gobierno la memoria econ\u00f3mica\u00a0de\u00a0todas las prestaciones de la Cartera de servicios sociales y estudia\u00a0acciones legales para denunciar casos de servicios p\u00fablicos deficitarios Las entidades han asumido incrementos de [&hellip;]<\/p>\n","protected":false},"author":2,"featured_media":7328,"comment_status":"closed","ping_status":"closed","sticky":false,"template":"","format":"standard","meta":{"_seopress_robots_primary_cat":"","_seopress_titles_title":"","_seopress_titles_desc":"","_seopress_robots_index":"","inline_featured_image":false,"footnotes":""},"class_list":["post-7333","post","type-post","status-publish","format-standard","has-post-thumbnail","hentry"],"_links":{"self":[{"href":"https:\/\/fvo.cat\/es\/wp-json\/wp\/v2\/posts\/7333","targetHints":{"allow":["GET"]}}],"collection":[{"href":"https:\/\/fvo.cat\/es\/wp-json\/wp\/v2\/posts"}],"about":[{"href":"https:\/\/fvo.cat\/es\/wp-json\/wp\/v2\/types\/post"}],"author":[{"embeddable":true,"href":"https:\/\/fvo.cat\/es\/wp-json\/wp\/v2\/users\/2"}],"replies":[{"embeddable":true,"href":"https:\/\/fvo.cat\/es\/wp-json\/wp\/v2\/comments?post=7333"}],"version-history":[{"count":0,"href":"https:\/\/fvo.cat\/es\/wp-json\/wp\/v2\/posts\/7333\/revisions"}],"wp:featuredmedia":[{"embeddable":true,"href":"https:\/\/fvo.cat\/es\/wp-json\/wp\/v2\/media\/7328"}],"wp:attachment":[{"href":"https:\/\/fvo.cat\/es\/wp-json\/wp\/v2\/media?parent=7333"}],"curies":[{"name":"wp","href":"https:\/\/api.w.org\/{rel}","templated":true}]}}