{"id":8233,"date":"2019-06-07T08:15:46","date_gmt":"2019-06-07T06:15:46","guid":{"rendered":"https:\/\/fvo.cat\/?p=8233"},"modified":"2023-07-04T10:37:41","modified_gmt":"2023-07-04T08:37:41","slug":"la-fundacion-gana-el-concurso-de-jardineria-del-ayuntamiento-de-palau-solita-i-plegamans","status":"publish","type":"post","link":"https:\/\/fvo.cat\/es\/la-fundacion-gana-el-concurso-de-jardineria-del-ayuntamiento-de-palau-solita-i-plegamans\/","title":{"rendered":"La Fundaci\u00f3n gana el concurso de jardiner\u00eda del Ayuntamiento de Palau-Solit\u00e0 i Plegamans"},"content":{"rendered":"\r\n<p>La Mesa de Contrataci\u00f3n del Ayuntamiento de Palau-Solit\u00e0 i Plegamans, en sesi\u00f3n de fecha 22 de mayo de 2019, ha acordado la propuesta de adjudicaci\u00f3n a la Fundaci\u00f3 Privada Vall\u00e8s Oriental para la contrataci\u00f3n del servicio de mantenimiento, desbroce y limpieza de zonas verdes, espacios abiertos, equipamientos, zonas industriales y solares de propiedad municipal de Palau-solit\u00e0 i Plegamans.<\/p>\r\n\r\n\r\n<p>Al concurso hemos licitado un total de 6 empresas. En estos momentos, la Fundaci\u00f3n queda a la espera de la firma del contrato de 12 meses de duraci\u00f3n, prorrogable para 6 meses m\u00e1s.<\/p>\r\n\r\n\r\n<p>Esta adjudicaci\u00f3n permitir\u00e1 ampliar el \u00e1mbito de trabajo del CET Servicio de Jardiner\u00eda y permitir\u00e1 fomentar la contrataci\u00f3n de personas en riesgo de exclusi\u00f3n social y laboral.<\/p>\r\n","protected":false},"excerpt":{"rendered":"<p>La Mesa de Contrataci\u00f3n del Ayuntamiento de Palau-Solit\u00e0 i Plegamans, en sesi\u00f3n de fecha 22 de mayo de 2019, ha acordado la propuesta de adjudicaci\u00f3n a la Fundaci\u00f3 Privada Vall\u00e8s Oriental para [&hellip;]<\/p>\n","protected":false},"author":2,"featured_media":8230,"comment_status":"closed","ping_status":"closed","sticky":false,"template":"","format":"standard","meta":{"_seopress_robots_primary_cat":"","_seopress_titles_title":"","_seopress_titles_desc":"","_seopress_robots_index":"","inline_featured_image":false,"footnotes":""},"class_list":["post-8233","post","type-post","status-publish","format-standard","has-post-thumbnail","hentry"],"_links":{"self":[{"href":"https:\/\/fvo.cat\/es\/wp-json\/wp\/v2\/posts\/8233","targetHints":{"allow":["GET"]}}],"collection":[{"href":"https:\/\/fvo.cat\/es\/wp-json\/wp\/v2\/posts"}],"about":[{"href":"https:\/\/fvo.cat\/es\/wp-json\/wp\/v2\/types\/post"}],"author":[{"embeddable":true,"href":"https:\/\/fvo.cat\/es\/wp-json\/wp\/v2\/users\/2"}],"replies":[{"embeddable":true,"href":"https:\/\/fvo.cat\/es\/wp-json\/wp\/v2\/comments?post=8233"}],"version-history":[{"count":0,"href":"https:\/\/fvo.cat\/es\/wp-json\/wp\/v2\/posts\/8233\/revisions"}],"wp:featuredmedia":[{"embeddable":true,"href":"https:\/\/fvo.cat\/es\/wp-json\/wp\/v2\/media\/8230"}],"wp:attachment":[{"href":"https:\/\/fvo.cat\/es\/wp-json\/wp\/v2\/media?parent=8233"}],"curies":[{"name":"wp","href":"https:\/\/api.w.org\/{rel}","templated":true}]}}