{"id":8252,"date":"2019-06-03T07:59:38","date_gmt":"2019-06-03T05:59:38","guid":{"rendered":"https:\/\/fvo.cat\/?p=8252"},"modified":"2023-07-04T10:38:29","modified_gmt":"2023-07-04T08:38:29","slug":"celebramos-la-fiesta-de-verano-de-la-residencia","status":"publish","type":"post","link":"https:\/\/fvo.cat\/es\/celebramos-la-fiesta-de-verano-de-la-residencia\/","title":{"rendered":"Celebramos la Fiesta de Verano de la Residencia"},"content":{"rendered":"\r\n<p>Profesionales, familias y personas atendidas en la Residencia y Centro de Atenci\u00f3n Especializada \u00abValldoriolf\u00bb celebraron el viernes 31 de mayo una jornada repleta de actividades en una nueva edici\u00f3n de la tradicional Fiesta de Verano con la bienvenida a cargo de la Direcci\u00f3n General, paradas de artesan\u00eda, un baile terror\u00edfico, una clase de zumba, un taller de pintura, la danza del vientre, la camiseta conmemorativa, un cena en el patio con una barbacoa gigante\u2026 un gran rato en la mejor compa\u00f1\u00eda.<\/p>\r\n\r\n\r\n<div class=\"wp-block-image\">\r\n<figure class=\"aligncenter\"><img decoding=\"async\" class=\"wp-image-8220\" src=\"https:\/\/fvo.cat\/wp-content\/uploads\/2023\/07\/PDSC_0042.jpg\" alt=\"\" \/><\/figure>\r\n<\/div>\r\n\r\n\r\n<div class=\"wp-block-image\">\r\n<figure class=\"aligncenter\"><img decoding=\"async\" class=\"wp-image-8222\" src=\"https:\/\/fvo.cat\/wp-content\/uploads\/2023\/07\/PDSC_0053.jpg\" alt=\"\" \/><\/figure>\r\n<\/div>\r\n","protected":false},"excerpt":{"rendered":"<p>Profesionales, familias y personas atendidas en la Residencia y Centro de Atenci\u00f3n Especializada \u00abValldoriolf\u00bb celebraron el viernes 31 de mayo una jornada repleta de actividades en una nueva edici\u00f3n de la tradicional [&hellip;]<\/p>\n","protected":false},"author":2,"featured_media":8217,"comment_status":"closed","ping_status":"closed","sticky":false,"template":"","format":"standard","meta":{"_seopress_robots_primary_cat":"","_seopress_titles_title":"","_seopress_titles_desc":"","_seopress_robots_index":"","inline_featured_image":false,"footnotes":""},"class_list":["post-8252","post","type-post","status-publish","format-standard","has-post-thumbnail","hentry"],"_links":{"self":[{"href":"https:\/\/fvo.cat\/es\/wp-json\/wp\/v2\/posts\/8252","targetHints":{"allow":["GET"]}}],"collection":[{"href":"https:\/\/fvo.cat\/es\/wp-json\/wp\/v2\/posts"}],"about":[{"href":"https:\/\/fvo.cat\/es\/wp-json\/wp\/v2\/types\/post"}],"author":[{"embeddable":true,"href":"https:\/\/fvo.cat\/es\/wp-json\/wp\/v2\/users\/2"}],"replies":[{"embeddable":true,"href":"https:\/\/fvo.cat\/es\/wp-json\/wp\/v2\/comments?post=8252"}],"version-history":[{"count":0,"href":"https:\/\/fvo.cat\/es\/wp-json\/wp\/v2\/posts\/8252\/revisions"}],"wp:featuredmedia":[{"embeddable":true,"href":"https:\/\/fvo.cat\/es\/wp-json\/wp\/v2\/media\/8217"}],"wp:attachment":[{"href":"https:\/\/fvo.cat\/es\/wp-json\/wp\/v2\/media?parent=8252"}],"curies":[{"name":"wp","href":"https:\/\/api.w.org\/{rel}","templated":true}]}}