{"id":8284,"date":"2019-06-28T11:37:22","date_gmt":"2019-06-28T09:37:22","guid":{"rendered":"https:\/\/fvo.cat\/?p=8284"},"modified":"2023-07-04T10:34:26","modified_gmt":"2023-07-04T08:34:26","slug":"relevo-a-la-direccion-general-de-la-fundacion","status":"publish","type":"post","link":"https:\/\/fvo.cat\/es\/relevo-a-la-direccion-general-de-la-fundacion\/","title":{"rendered":"Relevo en la Direcci\u00f3n General de la Fundaci\u00f3n"},"content":{"rendered":"\r\n<ul class=\"wp-block-list\">\r\n\t<li><strong>Despu\u00e9s de 28 a\u00f1os como responsable de la Fundaci\u00f3n, el Sr. Juan M. Monsalve finaliza su etapa profesional<\/strong><\/li>\r\n<\/ul>\r\n\r\n\r\n<ul class=\"wp-block-list\">\r\n\t<li><strong>A partir del 1 de julio, toma el relevo el Sr. Rafel Arderiu y Monn\u00e0 como nuevo Director de la Fundaci\u00f3n<\/strong><\/li>\r\n<\/ul>\r\n\r\n\r\n<p>A finales del mes de junio de 2019, la Direcci\u00f3n General actual, el Sr. Juan M. Monsalve Fern\u00e1ndez, finaliza su etapa profesional de liderazgo de la Fundaci\u00f3n Privada Vall\u00e8s Oriental despu\u00e9s de 28 a\u00f1os al frente de la instituci\u00f3n.<\/p>\r\n\r\n\r\n<p>Recordamos que en septiembre de 1991 el Patronato de la Asociaci\u00f3n Patronato Comarcal de Padres de Personas con Disminuci\u00f3n Ps\u00edquica creada en el 1965, actual Fundaci\u00f3n Privada Vall\u00e8s Oriental, le encarg\u00f3 al Sr. Monsalve que liderara el ambicioso proyecto de profesionalizar la instituci\u00f3n, la direcci\u00f3n de las diferentes \u00e1reas de la instituci\u00f3n y la misi\u00f3n de poner en marcha las nuevas acciones que crear\u00edan proyectos de futuro para las personas atendidas y consolidar\u00edan la Fundaci\u00f3n como instituci\u00f3n de referencia hasta el d\u00eda de hoy.<\/p>\r\n\r\n\r\n<p>Desde el a\u00f1o 1965, la expansi\u00f3n de la Asociaci\u00f3n transformada en Fundaci\u00f3n Privada Vall\u00e8s Oriental en el a\u00f1o 1992, ha sido importante y ha sido posible gracias al esfuerzo de muchas personas que se han involucrado en el proyecto: el equipo de profesionales, padres y madres, educadores y educadoras, colaboradores\u2026 la gran familia de la Fundaci\u00f3n que ha confiado en el proyecto de la Fundaci\u00f3n.<\/p>\r\n\r\n\r\n<p>Despu\u00e9s de estos 28 a\u00f1os de entrega profesional, el compromiso del Sr. Monsalve con la instituci\u00f3n lo trae a iniciar una nueva etapa como un miembro m\u00e1s del Patronato, para seguir sumando en la defensa de los derechos de las personas con discapacidad intelectual.<\/p>\r\n\r\n\r\n<p>A nivel del relevo del cargo de Direcci\u00f3n, a mitades del mes de mayo se incorpor\u00f3 al equipo de profesionales de la Fundaci\u00f3n el Sr. Rafel Arderiu Monn\u00e0 para iniciar el proceso de traspaso de las responsabilidades y funciones del cargo. El Sr. Arderiu ejercer\u00e1 como nuevo Director General a partir del d\u00eda 1 de julio de 2019.<\/p>\r\n\r\n\r\n<div class=\"wp-block-image\">\r\n<figure class=\"aligncenter\"><img decoding=\"async\" class=\"wp-image-8287\" src=\"https:\/\/fvo.cat\/wp-content\/uploads\/2023\/07\/IMG_4454-1-1030x687.jpg\" alt=\"\" \/><\/figure>\r\n<\/div>\r\n\r\n\r\n<p>El Sr. Rafel Arderiu, licenciado en Ciencias Econ\u00f3micas y Empresariales, con amplia experiencia en el sector, ha dedicado la mitad de su etapa profesional a la Administraci\u00f3n P\u00fablica, en tareas siempre relacionadas con el tercer sector, y en concreto desde el a\u00f1o 2014 ejerciendo como Subdirector General de Gesti\u00f3n de Recursos del Depto. de Trabajo, Asuntos Sociales y Familias.<\/p>\r\n","protected":false},"excerpt":{"rendered":"<p>Despu\u00e9s de 28 a\u00f1os como responsable de la Fundaci\u00f3n, el Sr. Juan M. Monsalve finaliza su etapa profesional A partir del 1 de julio, toma el relevo el Sr. Rafel Arderiu y [&hellip;]<\/p>\n","protected":false},"author":2,"featured_media":8289,"comment_status":"closed","ping_status":"closed","sticky":false,"template":"","format":"standard","meta":{"_seopress_robots_primary_cat":"","_seopress_titles_title":"","_seopress_titles_desc":"","_seopress_robots_index":"","inline_featured_image":false,"footnotes":""},"class_list":["post-8284","post","type-post","status-publish","format-standard","has-post-thumbnail","hentry"],"_links":{"self":[{"href":"https:\/\/fvo.cat\/es\/wp-json\/wp\/v2\/posts\/8284","targetHints":{"allow":["GET"]}}],"collection":[{"href":"https:\/\/fvo.cat\/es\/wp-json\/wp\/v2\/posts"}],"about":[{"href":"https:\/\/fvo.cat\/es\/wp-json\/wp\/v2\/types\/post"}],"author":[{"embeddable":true,"href":"https:\/\/fvo.cat\/es\/wp-json\/wp\/v2\/users\/2"}],"replies":[{"embeddable":true,"href":"https:\/\/fvo.cat\/es\/wp-json\/wp\/v2\/comments?post=8284"}],"version-history":[{"count":0,"href":"https:\/\/fvo.cat\/es\/wp-json\/wp\/v2\/posts\/8284\/revisions"}],"wp:featuredmedia":[{"embeddable":true,"href":"https:\/\/fvo.cat\/es\/wp-json\/wp\/v2\/media\/8289"}],"wp:attachment":[{"href":"https:\/\/fvo.cat\/es\/wp-json\/wp\/v2\/media?parent=8284"}],"curies":[{"name":"wp","href":"https:\/\/api.w.org\/{rel}","templated":true}]}}