{"id":8593,"date":"2019-07-30T13:24:18","date_gmt":"2019-07-30T13:24:18","guid":{"rendered":"https:\/\/fvo.cat\/?p=8593"},"modified":"2023-07-04T10:22:49","modified_gmt":"2023-07-04T08:22:49","slug":"publicamos-la-memoria-de-responsabilidad-social-de-la-fundacion-del-ano-2018","status":"publish","type":"post","link":"https:\/\/fvo.cat\/es\/publicamos-la-memoria-de-responsabilidad-social-de-la-fundacion-del-ano-2018\/","title":{"rendered":"Publicamos la Memoria de Responsabilidad Social de la Fundaci\u00f3n del a\u00f1o 2018"},"content":{"rendered":"<p>La Fundaci\u00f3n publica la <a href=\"https:\/\/fvo.cat\/wp-content\/uploads\/documents\/Memories\/MemoriaResponsabilitatSocial2018.pdf\">Memoria de Responsabilidad Social correspondiente al a\u00f1o 2018<\/a>.<a href=\"https:\/\/fvo.cat\/wp-content\/uploads\/documents\/Memories\/MemoriaResponsabilitatSocial2018.pdf\"><img loading=\"lazy\" decoding=\"async\" class=\"alignleft wp-image-8587 size-medium\" src=\"https:\/\/fvo.cat\/wp-content\/uploads\/2023\/07\/2_portada-211x300.jpg\" alt=\"\" width=\"211\" height=\"300\" \/><\/a><\/p>\n<p>Encontrar\u00e9is la informaci\u00f3n m\u00e1s destacada sobre los proyectos y objetivos llevados a cabo por la Fundaci\u00f3n durante el a\u00f1o, como cumplimos nuestro compromiso hacia las personas atendidas, el equipo de profesionales, con el medio ambiente y con el entorno y la sociedad en general y tambi\u00e9n la informaci\u00f3n econ\u00f3mica m\u00e1s relevante de la entidad.<\/p>\n<p>Como siempre,\u00a0 encontrar\u00e9is el documento en la p\u00e1gina web de la Fundaci\u00f3n: <a class=\"moz-txt-link-freetext\" href=\"https:\/\/fvo.cat\/actualitat\/memories\/\">https:\/\/fvo.cat\/actualitat\/memories\/<\/a><\/p>\n<p>\u00a1Esperamos que os resulte interesante!<\/p>\n","protected":false},"excerpt":{"rendered":"<p>La Fundaci\u00f3n publica la Memoria de Responsabilidad Social correspondiente al a\u00f1o 2018. Encontrar\u00e9is la informaci\u00f3n m\u00e1s destacada sobre los proyectos y objetivos llevados a cabo por la Fundaci\u00f3n durante el a\u00f1o, como [&hellip;]<\/p>\n","protected":false},"author":2,"featured_media":8587,"comment_status":"closed","ping_status":"closed","sticky":false,"template":"","format":"standard","meta":{"_seopress_robots_primary_cat":"","_seopress_titles_title":"","_seopress_titles_desc":"","_seopress_robots_index":"","inline_featured_image":false,"footnotes":""},"class_list":["post-8593","post","type-post","status-publish","format-standard","has-post-thumbnail","hentry"],"_links":{"self":[{"href":"https:\/\/fvo.cat\/es\/wp-json\/wp\/v2\/posts\/8593","targetHints":{"allow":["GET"]}}],"collection":[{"href":"https:\/\/fvo.cat\/es\/wp-json\/wp\/v2\/posts"}],"about":[{"href":"https:\/\/fvo.cat\/es\/wp-json\/wp\/v2\/types\/post"}],"author":[{"embeddable":true,"href":"https:\/\/fvo.cat\/es\/wp-json\/wp\/v2\/users\/2"}],"replies":[{"embeddable":true,"href":"https:\/\/fvo.cat\/es\/wp-json\/wp\/v2\/comments?post=8593"}],"version-history":[{"count":0,"href":"https:\/\/fvo.cat\/es\/wp-json\/wp\/v2\/posts\/8593\/revisions"}],"wp:featuredmedia":[{"embeddable":true,"href":"https:\/\/fvo.cat\/es\/wp-json\/wp\/v2\/media\/8587"}],"wp:attachment":[{"href":"https:\/\/fvo.cat\/es\/wp-json\/wp\/v2\/media?parent=8593"}],"curies":[{"name":"wp","href":"https:\/\/api.w.org\/{rel}","templated":true}]}}