{"id":99,"date":"2014-11-11T16:36:17","date_gmt":"2014-11-11T16:36:17","guid":{"rendered":"https:\/\/fvo.cat\/?p=99"},"modified":"2023-07-04T11:18:31","modified_gmt":"2023-07-04T09:18:31","slug":"una-madre-inicia-una-campana-para-que-disney-tenga-una-princesa-con-sindrome-de-down","status":"publish","type":"post","link":"https:\/\/fvo.cat\/es\/una-madre-inicia-una-campana-para-que-disney-tenga-una-princesa-con-sindrome-de-down\/","title":{"rendered":"Una madre inicia una campa\u00f1a para que Disney tenga una princesa con s\u00edndrome de Down"},"content":{"rendered":"<p>La iniciativa, que ya ha recogido casi 67.000 firmas, se presentar\u00e1 al presidente de los estudios de animaci\u00f3n, Sean Bailey Una madre de Estados Unidos cuya hija tiene s\u00edndrome de Down ha lanzado una campa\u00f1a a trav\u00e9s de internet para que Disney incluya a personajes con este trastorno y otras discapacidades en sus pel\u00edculas infantiles, una iniciativa que este martes ya hab\u00eda recabado m\u00e1s de 66.000 apoyos.<\/p>\n<p>Keston Ott-Dahl, residente en Antioch (California) y madre de Delaney, una ni\u00f1a de 15 meses con s\u00edndrome de Down, lanz\u00f3 la campa\u00f1a &#8216;Pidamos a Disney que represente a ni\u00f1os con s\u00edndrome de Down en sus pel\u00edculas animadas&#8217; con el objetivo que fomentar la aceptaci\u00f3n de estos ni\u00f1os entre sus compa\u00f1eros.<\/p>\n<p>\u00abComo el resto de los ni\u00f1os, nuestra hija adora las pel\u00edculas animadas. Por eso, cuando la veo fascinada con las princesas Disney, me parte el coraz\u00f3n saber que no encontrar\u00e1 modelos como ella. \u00a1Los ni\u00f1os con s\u00edndrome de Down tambi\u00e9n son pr\u00edncipes y princesas!\u00bb, indic\u00f3 Ott-Dahl en el sitio web de la campa\u00f1a.<\/p>\n<p>Este lunes, la campa\u00f1a ya hab\u00eda logrado m\u00e1s de 66.000 adhesiones, muy cerca de las 67.000 que se han marcado como objetivo antes de entregar la petici\u00f3n al presidente de los estudios Walt Disney, Sean Bailey.<\/p>\n<p>\u00c1REA COJA DE DISNEY<br \/>\n\u00abDisney ha hecho un trabajo maravilloso desde hace mucho tiempo ense\u00f1ando a nuestros ni\u00f1os c\u00f3mo ser buenas personas. Pero, lamentablemente, la empresa cojea en una \u00e1rea muy cr\u00edtica. Sus pel\u00edculas casi no tienen representaci\u00f3n de gente discapacitada, de aquellos quienes en muchas ocasiones son objeto de burla por parte de otros ni\u00f1os\u00bb, apunt\u00f3 la madre de Delaney.<\/p>\n<p>\u00ab\u00a1Qu\u00e9 maravillosas lecciones de diversidad, compasi\u00f3n y aceptaci\u00f3n podr\u00eda ense\u00f1ar Disney a nuestros hijos si promocionasen los personajes discapacitados como h\u00e9roes y hero\u00ednas de sus pel\u00edculas!\u00bb, concluy\u00f3 Ott-Dahl.<br \/>\nOtt-Dahl y su esposa, Andrea, tienen un blog de internet, DelaneySkye.com, en el que comparten sus experiencias, gratificaciones y dificultades de criar a una ni\u00f1a con s\u00edndrome de Down por parte de una pareja lesbiana.<\/p>\n<p><a href=\"https:\/\/www.elperiodico.com\/es\/noticias\/internacional\/una-madre-inicia-una-campana-para-que-disney-tenga-una-princesa-con-sindrome-down-3678360#\" target=\"_blank\" rel=\"noopener\">https:\/\/www.elperiodico.com\/es\/noticias\/internacional\/una-madre-inicia-una-campana-para-que-disney-tenga-una-princesa-con-sindrome-down-3678360#<\/a><\/p>\n","protected":false},"excerpt":{"rendered":"<p>La iniciativa, que ya ha recogido casi 67.000 firmas, se presentar\u00e1 al presidente de los estudios de animaci\u00f3n, Sean Bailey Una madre de Estados Unidos cuya hija tiene s\u00edndrome de Down ha [&hellip;]<\/p>\n","protected":false},"author":2,"featured_media":0,"comment_status":"closed","ping_status":"closed","sticky":false,"template":"","format":"link","meta":{"_seopress_robots_primary_cat":"","_seopress_titles_title":"","_seopress_titles_desc":"","_seopress_robots_index":"","inline_featured_image":false,"footnotes":""},"class_list":["post-99","post","type-post","status-publish","format-link","hentry","post_format-post-format-link"],"_links":{"self":[{"href":"https:\/\/fvo.cat\/es\/wp-json\/wp\/v2\/posts\/99","targetHints":{"allow":["GET"]}}],"collection":[{"href":"https:\/\/fvo.cat\/es\/wp-json\/wp\/v2\/posts"}],"about":[{"href":"https:\/\/fvo.cat\/es\/wp-json\/wp\/v2\/types\/post"}],"author":[{"embeddable":true,"href":"https:\/\/fvo.cat\/es\/wp-json\/wp\/v2\/users\/2"}],"replies":[{"embeddable":true,"href":"https:\/\/fvo.cat\/es\/wp-json\/wp\/v2\/comments?post=99"}],"version-history":[{"count":0,"href":"https:\/\/fvo.cat\/es\/wp-json\/wp\/v2\/posts\/99\/revisions"}],"wp:attachment":[{"href":"https:\/\/fvo.cat\/es\/wp-json\/wp\/v2\/media?parent=99"}],"curies":[{"name":"wp","href":"https:\/\/api.w.org\/{rel}","templated":true}]}}